{"id":34941,"date":"2017-08-21T13:35:48","date_gmt":"2017-08-21T16:35:48","guid":{"rendered":"http:\/\/catolicanet.net\/wp-cnet\/?p=34941"},"modified":"2017-11-21T13:48:21","modified_gmt":"2017-11-21T15:48:21","slug":"arcebispo-de-barcelona-visita-feridos-no-ataque-terrorista","status":"publish","type":"post","link":"https:\/\/catolicanet.net\/wp-cnet\/arcebispo-de-barcelona-visita-feridos-no-ataque-terrorista\/","title":{"rendered":"Arcebispo de Barcelona visita feridos no ataque terrorista"},"content":{"rendered":"<p>As informa\u00e7\u00f5es fornecidas pela Arquidiocese de Barcelona, na Espanha, publicadas nesta segunda-feira, 21 de agosto, em seu site oficial em espanhol e em catal\u00e3o mostram que o arcebispo, \u200b\u200bCardeal Juan Jos\u00e9 Omella, acompanhado pelo bispo auxiliar dom Sebasti\u00e0 Taltavull, visitou na tarde da sexta-feira, 18 de agosto, algumas das pessoas internadas no Hospital del Mar e no Hospital de la Santa Creu i Sant Pau, v\u00edtimas do ataque terrorista no qual morreram 13 pessoas e mais 100 ficaram feridas.<\/p>\n<p>O arcebispo de Barcelona tem se interessado pela sa\u00fade dos feridos e na visita quis levar sua mensagem de conforto e desejar a eles uma r\u00e1pida recupera\u00e7\u00e3o. Durante sua visita, ele declarou estar muito impressionado com a natureza do ato terrorista e lamentou qualquer forma de viol\u00eancia que viola o direito \u00e0 vida e \u00e0 liberdade.<\/p>\n<p>Em ambas as visitas , o cardeal disse que foi poss\u00edvel conversar com os feridos e suas fam\u00edlias e deixou uma palavra de conforto e esperan\u00e7a. O cardeal Omella tamb\u00e9m disse que manifestou aos m\u00e9dicos que o acompanharam durante a visita o seu sentimento de admira\u00e7\u00e3o por um trabalho bem feito realizado por eles e pelos enfermeiros de v\u00e1rios hospitais que trataram dos feridos. Ele tamb\u00e9m destacou o desempenho de todos as for\u00e7as de seguran\u00e7a e pessoas an\u00f4nimas que participaram generosamente em resposta \u00e0s v\u00edtimas e suas fam\u00edlias.<\/p>\n<p>&nbsp;<\/p>\n<p>Fonte: CNBB<\/p>\n","protected":false},"excerpt":{"rendered":"<p>As informa\u00e7\u00f5es fornecidas pela Arquidiocese de Barcelona, na Espanha, publicadas nesta segunda-feira, 21 de agosto, em seu site oficial em espanhol e em catal\u00e3o mostram que o arcebispo, \u200b\u200bCardeal Juan Jos\u00e9 Omella, acompanhado pelo bispo auxiliar dom Sebasti\u00e0 Taltavull, visitou na tarde da sexta-feira, 18 de agosto, algumas das pessoas internadas no Hospital del Mar [&hellip;]<\/p>\n","protected":false},"author":1,"featured_media":34942,"comment_status":"open","ping_status":"closed","sticky":false,"template":"","format":"standard","meta":{"footnotes":""},"categories":[7],"tags":[],"class_list":["post-34941","post","type-post","status-publish","format-standard","has-post-thumbnail","hentry","category-cnbb"],"_links":{"self":[{"href":"https:\/\/catolicanet.net\/wp-cnet\/wp-json\/wp\/v2\/posts\/34941","targetHints":{"allow":["GET"]}}],"collection":[{"href":"https:\/\/catolicanet.net\/wp-cnet\/wp-json\/wp\/v2\/posts"}],"about":[{"href":"https:\/\/catolicanet.net\/wp-cnet\/wp-json\/wp\/v2\/types\/post"}],"author":[{"embeddable":true,"href":"https:\/\/catolicanet.net\/wp-cnet\/wp-json\/wp\/v2\/users\/1"}],"replies":[{"embeddable":true,"href":"https:\/\/catolicanet.net\/wp-cnet\/wp-json\/wp\/v2\/comments?post=34941"}],"version-history":[{"count":1,"href":"https:\/\/catolicanet.net\/wp-cnet\/wp-json\/wp\/v2\/posts\/34941\/revisions"}],"predecessor-version":[{"id":34943,"href":"https:\/\/catolicanet.net\/wp-cnet\/wp-json\/wp\/v2\/posts\/34941\/revisions\/34943"}],"wp:featuredmedia":[{"embeddable":true,"href":"https:\/\/catolicanet.net\/wp-cnet\/wp-json\/wp\/v2\/media\/34942"}],"wp:attachment":[{"href":"https:\/\/catolicanet.net\/wp-cnet\/wp-json\/wp\/v2\/media?parent=34941"}],"wp:term":[{"taxonomy":"category","embeddable":true,"href":"https:\/\/catolicanet.net\/wp-cnet\/wp-json\/wp\/v2\/categories?post=34941"},{"taxonomy":"post_tag","embeddable":true,"href":"https:\/\/catolicanet.net\/wp-cnet\/wp-json\/wp\/v2\/tags?post=34941"}],"curies":[{"name":"wp","href":"https:\/\/api.w.org\/{rel}","templated":true}]}}