{"id":34935,"date":"2017-08-21T10:09:24","date_gmt":"2017-08-21T13:09:24","guid":{"rendered":"http:\/\/catolicanet.net\/wp-cnet\/?p=34935"},"modified":"2017-11-21T13:43:33","modified_gmt":"2017-11-21T15:43:33","slug":"semana-nacional-da-familia-tem-atividades-nas-dioceses-do-brasil","status":"publish","type":"post","link":"https:\/\/catolicanet.net\/wp-cnet\/semana-nacional-da-familia-tem-atividades-nas-dioceses-do-brasil\/","title":{"rendered":"Semana Nacional da Fam\u00edlia tem atividades nas dioceses do Brasil"},"content":{"rendered":"<p>Nos 18 regionais da Confer\u00eancia Nacional dos Bispos do Brasil (CNBB) e em todas as dioceses, grupos e comunidades refletiram sobre a miss\u00e3o da fam\u00edlia de ser luz para a vida em sociedade. A Semana Nacional da Fam\u00edlia deste ano contou com diversas atividades de reflex\u00e3o e de motiva\u00e7\u00e3o para a atua\u00e7\u00e3o dos crist\u00e3os leigos e leigas na transforma\u00e7\u00e3o da sociedade.<\/p>\n<p>Desde s\u00e1bado, acontecem missas, caminhadas, carreatas e palestras em diversas comunidades pelo Brasil. Nas programa\u00e7\u00f5es preparadas nas dioceses, foram oferecidas palestras nas escolas e atividades com idosos e grupos de catequese de inicia\u00e7\u00e3o a vida crist\u00e3.<\/p>\n<p>\u201cVimos os testemunhos e a alegria de quem se colocou a servi\u00e7o indo ao encontro das fam\u00edlias, e tamb\u00e9m a alegria das fam\u00edlias que receberam este an\u00fancio de viver o amor em fam\u00edlia e em comunidade\u201d, afirmou Kh\u00e1tia Stolf, coordenadora nacional da Pastoral Familiar ao lado de seu esposo, Luiz Stolf.<\/p>\n<p>Foto: Arquidiocese de Teresina (PI)<\/p>\n<p>No Piau\u00ed, a arquidiocese de Teresina promoveu a III Romaria das Fam\u00edlias ao santu\u00e1rio Santa Cruz dos Milagres. O evento teve a participa\u00e7\u00e3o do assessor da Comiss\u00e3o Episcopal Pastoral para a Vida e a Fam\u00edlia da CNBB, padre Jorge Alves Filho.<\/p>\n<p>Base para as reflex\u00f5es durante esta Semana \u00e9 o subs\u00eddio Hora da Fam\u00edlia, com seus encontros de reflex\u00e3o que poder\u00e3o ser trabalhados at\u00e9 s\u00e1bado. Em cada um dos encontros, s\u00e3o propostos compromissos de atua\u00e7\u00e3o para evangeliza\u00e7\u00e3o das fam\u00edlias. \u201cN\u00e3o basta s\u00f3 refletirmos, mas temos que ser agentes de transforma\u00e7\u00e3o na sociedade atual\u201d, refor\u00e7a Kh\u00e1tia.<\/p>\n<p>Compromisso social<br \/>\n\u201cO nosso desejo \u00e9 que ap\u00f3s essa Semana Nacional da Fam\u00edlia os nossos agentes de pastoral, da fam\u00edlia e tantos outros, a nossa Igreja em geral, tenham se despertado para essa import\u00e2ncia da vida social, n\u00e3o s\u00f3 eclesial, mas da contribui\u00e7\u00e3o que cada fam\u00edlia pode dar no campo social, sobretudo nesse tempo em que o Brasil precisa realmente de pessoas refletindo, iluminando o caminho\u201d, conta padre Jorge Filho.<\/p>\n<p>Foto: Reprodu\u00e7\u00e3o<\/p>\n<p>O assessor ressalta ainda que, embora a Semana Nacional da Fam\u00edlia seja um momento em que os agentes se dedicam a ora\u00e7\u00f5es e reflex\u00f5es em rela\u00e7\u00e3o \u00e0 fam\u00edlia, \u00e9 necess\u00e1rio que seja uma semana que nos desperte para a a\u00e7\u00e3o de cidadania: \u201cUm desejo que deveria tornar-se realidade com a conscientiza\u00e7\u00e3o de cada um de n\u00f3s e de cada fam\u00edlia nesse papel importante na transforma\u00e7\u00e3o social\u201d.<\/p>\n<p>E continua: \u201ccada vez que a fam\u00edlia restabelece seus relacionamentos e a sua voca\u00e7\u00e3o de ser fam\u00edlia, ela ent\u00e3o desenvolve na sociedade um grande e importante papel, porque a fam\u00edlia para n\u00f3s \u00e9 tida como Igreja dom\u00e9stica, mas para a sociedade, ela \u00e9 o n\u00facleo da sociedade. Ent\u00e3o uma fam\u00edlia bem vivida com a voca\u00e7\u00e3o bem realizada \u00e9 uma fam\u00edlia que pode realmente ser uma luz para a vida em sociedade\u201d.<\/p>\n<p>Visando a evangeliza\u00e7\u00e3o m\u00fatua das fam\u00edlias na f\u00e9 e no amor, a Pastoral Familiar quer que elas estejam e hajam no mundo, transformando a realidade. \u201cDeste modo como crist\u00e3o leigos e leigas no mundo assumimos o compromisso sociopol\u00edtico transformador, de ser sal e luz\u201d, afirma o casal coordenador nacional.<\/p>\n<p>A motiva\u00e7\u00e3o \u00e9 para que as fam\u00edlias sejam anunciadoras de Jesus Cristo, em cada lugar e situa\u00e7\u00e3o onde se encontram, participando de grupos b\u00edblicos de reflex\u00e3o, na pol\u00edtica, nos conselhos de direitos, nas associa\u00e7\u00f5es de fam\u00edlias e de moradores, visando a melhoria de pol\u00edticas p\u00fablicas em favor das fam\u00edlias, das crian\u00e7as, dos jovens das mulheres e idosos.<\/p>\n<p>Congresso<br \/>\nNo pr\u00f3ximo m\u00eas, mais de mil agentes estar\u00e3o reunidos em Cuiab\u00e1 (MT) para o XV Congresso Nacional da Pastoral Familiar, entre os dias 8 e 10. Padre Jorge Filho espera que o evento possa ser uma continuidade da reflex\u00e3o iniciada nesta semana, \u201csobretudo, porque o tema da Semana Nacional da Fam\u00edlia est\u00e1 ligado ao tema do congresso\u201d. \u201cEu creio que este ano n\u00f3s como fam\u00edlia temos muitas possibilidades de refletirmos sobre nossa vida eclesial e social\u201d, diz o assessor.<\/p>\n<p>&nbsp;<\/p>\n<p>Fonte: CNBB<\/p>\n","protected":false},"excerpt":{"rendered":"<p>Nos 18 regionais da Confer\u00eancia Nacional dos Bispos do Brasil (CNBB) e em todas as dioceses, grupos e comunidades refletiram sobre a miss\u00e3o da fam\u00edlia de ser luz para a vida em sociedade. A Semana Nacional da Fam\u00edlia deste ano contou com diversas atividades de reflex\u00e3o e de motiva\u00e7\u00e3o para a atua\u00e7\u00e3o dos crist\u00e3os leigos [&hellip;]<\/p>\n","protected":false},"author":1,"featured_media":34936,"comment_status":"open","ping_status":"closed","sticky":false,"template":"","format":"standard","meta":{"footnotes":""},"categories":[7],"tags":[],"class_list":["post-34935","post","type-post","status-publish","format-standard","has-post-thumbnail","hentry","category-cnbb"],"_links":{"self":[{"href":"https:\/\/catolicanet.net\/wp-cnet\/wp-json\/wp\/v2\/posts\/34935","targetHints":{"allow":["GET"]}}],"collection":[{"href":"https:\/\/catolicanet.net\/wp-cnet\/wp-json\/wp\/v2\/posts"}],"about":[{"href":"https:\/\/catolicanet.net\/wp-cnet\/wp-json\/wp\/v2\/types\/post"}],"author":[{"embeddable":true,"href":"https:\/\/catolicanet.net\/wp-cnet\/wp-json\/wp\/v2\/users\/1"}],"replies":[{"embeddable":true,"href":"https:\/\/catolicanet.net\/wp-cnet\/wp-json\/wp\/v2\/comments?post=34935"}],"version-history":[{"count":1,"href":"https:\/\/catolicanet.net\/wp-cnet\/wp-json\/wp\/v2\/posts\/34935\/revisions"}],"predecessor-version":[{"id":34937,"href":"https:\/\/catolicanet.net\/wp-cnet\/wp-json\/wp\/v2\/posts\/34935\/revisions\/34937"}],"wp:featuredmedia":[{"embeddable":true,"href":"https:\/\/catolicanet.net\/wp-cnet\/wp-json\/wp\/v2\/media\/34936"}],"wp:attachment":[{"href":"https:\/\/catolicanet.net\/wp-cnet\/wp-json\/wp\/v2\/media?parent=34935"}],"wp:term":[{"taxonomy":"category","embeddable":true,"href":"https:\/\/catolicanet.net\/wp-cnet\/wp-json\/wp\/v2\/categories?post=34935"},{"taxonomy":"post_tag","embeddable":true,"href":"https:\/\/catolicanet.net\/wp-cnet\/wp-json\/wp\/v2\/tags?post=34935"}],"curies":[{"name":"wp","href":"https:\/\/api.w.org\/{rel}","templated":true}]}}