{"id":34899,"date":"2017-08-17T14:29:18","date_gmt":"2017-08-17T17:29:18","guid":{"rendered":"http:\/\/catolicanet.net\/wp-cnet\/?p=34899"},"modified":"2017-11-21T13:12:17","modified_gmt":"2017-11-21T15:12:17","slug":"numero-dois-do-colegio-de-cardeais-representara-papa-em-aparecida","status":"publish","type":"post","link":"https:\/\/catolicanet.net\/wp-cnet\/numero-dois-do-colegio-de-cardeais-representara-papa-em-aparecida\/","title":{"rendered":"\u201cN\u00famero dois\u201d do Col\u00e9gio de Cardeais representar\u00e1 Papa em Aparecida"},"content":{"rendered":"<p style=\"text-align: justify;\">O vice-Decano do Col\u00e9gio de Cardeais, o cardeal italiano Giovanni Battista Re, representar\u00e1 o Papa Francisco na Festa que celebra os 300 Anos do Encontro da Imagem de Nossa Senhora Aparecida. A nomea\u00e7\u00e3o foi publicada no come\u00e7o desta quinta-feira (17), pela Sala de Imprensa do Vaticano. Segundo a nota, o purpurado estar\u00e1 presente nas celebra\u00e7\u00f5es dos dias 10, 11 e 12 de outubro.<\/p>\n<p>A presen\u00e7a de um delegado de Francisco j\u00e1 era esperada desde o an\u00fancio de que o chefe da Igreja Cat\u00f3lica n\u00e3o poderia vir ao Brasil durante as festividades, em virtude de sua agenda. Se destaca, por\u00e9m, a import\u00e2ncia do enviado papal para as comemora\u00e7\u00f5es, j\u00e1 que Dom Giovanni ocupa o segundo cargo mais influente no col\u00e9gio cardinal\u00edcio, grupo respons\u00e1vel por aconselhar e eleger o pont\u00edfice.<\/p>\n<p>\u201cO cardeal Re representa a presen\u00e7a do Papa. Ele n\u00e3o pode vir pessoalmente, e por isso envia um dos cardeais mais expoentes do Vaticano para trazer sua b\u00ean\u00e7\u00e3o apost\u00f3lica para n\u00f3s. J\u00e1 hav\u00edamos pensado as celebra\u00e7\u00f5es inserindo a figura do Legado Pontif\u00edcio, que j\u00e1 era uma presen\u00e7a aguardada.\u201d, destaca o reitor do Santu\u00e1rio Nacional, padre Jo\u00e3o Batista de Almeida.<\/p>\n<p>Apesar da expectativa, o papel do enviado pontif\u00edcio nos ritos lit\u00fargicos ainda n\u00e3o est\u00e1 definido. As celebra\u00e7\u00f5es passar\u00e3o por uma an\u00e1lise no Vaticano, que determinar\u00e1 em quais momentos haver\u00e1 a participa\u00e7\u00e3o do cardeal.<\/p>\n<p>Liga\u00e7\u00e3o com Aparecida \u2013 Esta n\u00e3o ser\u00e1 a primeira vez que o religioso estar\u00e1 em Aparecida. No ano de 2007, o italiano foi o Presidente da V Confer\u00eancia do Episcopado Latino-Americano (CELAM), que aconteceu na Bas\u00edlica da Padroeira do Brasil. Ele esteve presente no Brasil novamente no ano de 2011, durante a cerim\u00f4nia de Dedica\u00e7\u00e3o Solene da Catedral de Santa Maria M\u00e3e de Deus, em Castanhal (PA), como enviado do Papa Bento XVI.<\/p>\n<p>A familiaridade do purpurado com Aparecida aumentou ainda mais a expectativa dos representantes do Santu\u00e1rio Nacional para as comemora\u00e7\u00f5es de outubro. \u201c\u00c9 algu\u00e9m que j\u00e1 tem uma hist\u00f3ria com Aparecida, o que aumenta nossa alegria em receber este representante do Papa.\u201d, destaca padre Jo\u00e3o.<\/p>\n<p>Criado cardeal em 2001, Dom Giovanini Batista Re \u00e9 prefeito em\u00e9rito da Congrega\u00e7\u00e3o para os Bispos e presidente em\u00e9rito da Pontif\u00edcia Comiss\u00e3o para a Am\u00e9rica Latina. Em 2013, presidiu o conclave que elegeu o Papa Francisco. Atualmente, o italiano ocupa o cargo de vice-Decano do Col\u00e9gio de Cardeais.<\/p>\n<p style=\"text-align: justify;\">\n<p>Fonte: Santu\u00e1rio Nacional<\/p>\n","protected":false},"excerpt":{"rendered":"<p>O vice-Decano do Col\u00e9gio de Cardeais, o cardeal italiano Giovanni Battista Re, representar\u00e1 o Papa Francisco na Festa que celebra os 300 Anos do Encontro da Imagem de Nossa Senhora Aparecida. A nomea\u00e7\u00e3o foi publicada no come\u00e7o desta quinta-feira (17), pela Sala de Imprensa do Vaticano. Segundo a nota, o purpurado estar\u00e1 presente nas celebra\u00e7\u00f5es [&hellip;]<\/p>\n","protected":false},"author":1,"featured_media":34900,"comment_status":"open","ping_status":"closed","sticky":false,"template":"","format":"standard","meta":{"footnotes":""},"categories":[4],"tags":[],"class_list":["post-34899","post","type-post","status-publish","format-standard","has-post-thumbnail","hentry","category-cotidiano"],"_links":{"self":[{"href":"https:\/\/catolicanet.net\/wp-cnet\/wp-json\/wp\/v2\/posts\/34899","targetHints":{"allow":["GET"]}}],"collection":[{"href":"https:\/\/catolicanet.net\/wp-cnet\/wp-json\/wp\/v2\/posts"}],"about":[{"href":"https:\/\/catolicanet.net\/wp-cnet\/wp-json\/wp\/v2\/types\/post"}],"author":[{"embeddable":true,"href":"https:\/\/catolicanet.net\/wp-cnet\/wp-json\/wp\/v2\/users\/1"}],"replies":[{"embeddable":true,"href":"https:\/\/catolicanet.net\/wp-cnet\/wp-json\/wp\/v2\/comments?post=34899"}],"version-history":[{"count":1,"href":"https:\/\/catolicanet.net\/wp-cnet\/wp-json\/wp\/v2\/posts\/34899\/revisions"}],"predecessor-version":[{"id":34901,"href":"https:\/\/catolicanet.net\/wp-cnet\/wp-json\/wp\/v2\/posts\/34899\/revisions\/34901"}],"wp:featuredmedia":[{"embeddable":true,"href":"https:\/\/catolicanet.net\/wp-cnet\/wp-json\/wp\/v2\/media\/34900"}],"wp:attachment":[{"href":"https:\/\/catolicanet.net\/wp-cnet\/wp-json\/wp\/v2\/media?parent=34899"}],"wp:term":[{"taxonomy":"category","embeddable":true,"href":"https:\/\/catolicanet.net\/wp-cnet\/wp-json\/wp\/v2\/categories?post=34899"},{"taxonomy":"post_tag","embeddable":true,"href":"https:\/\/catolicanet.net\/wp-cnet\/wp-json\/wp\/v2\/tags?post=34899"}],"curies":[{"name":"wp","href":"https:\/\/api.w.org\/{rel}","templated":true}]}}