{"id":3477,"date":"2023-11-22T00:00:00","date_gmt":"2023-11-22T03:00:00","guid":{"rendered":"http:\/\/catolicanet.net\/wp-cnet\/santa-cecilia\/"},"modified":"2023-01-02T17:35:31","modified_gmt":"2023-01-02T20:35:31","slug":"santa-cecilia","status":"publish","type":"post","link":"https:\/\/catolicanet.net\/wp-cnet\/santa-cecilia\/","title":{"rendered":"Santa Cec\u00edlia"},"content":{"rendered":"<p style=\"text-align: justify;\">Cec\u00edlia, entre as mais populares virgens de Roma, \u00e9 apresentada como virgo clar\u00edssima e ao mesmo tempo como esposa do jovem Valeriano. A Paix\u00e3o, posterior ao s\u00e9culo V, pouco confi\u00e1vel do ponto de vista hist\u00f3rico, estende-se nos particulares para esclarecer a aparente contradi\u00e7\u00e3o: virgem esposa.<\/p>\n<p>Na noite de n\u00fapcias, Cec\u00edlia confidenciou ao esposo haver consagrado a pr\u00f3pria virgindade a Deus, e acrescentou: \u201cNenhuma m\u00e3o profana pode tocar-me porque um anjo me protege\u201d. Convidou-o ent\u00e3o a seguir seu exemplo, fazendo antes de tudo com que se batizasse.<\/p>\n<p>O contrariado esposo n\u00e3o protestou. E na manh\u00e3 seguinte dirigiu-se \u00e0 via \u00c1pia, onde o papa Urbano estava escondido entre os monumentos funer\u00e1rios. Instru\u00eddo e batizado, voltou depois para a jovem esposa e um anjo colocou em sua cabe\u00e7a uma coroa de rosas e l\u00edrios.<\/p>\n<p>O irm\u00e3o de Valeriano, Tib\u00farcio, seguiu seu exemplo, e ambos se consagraram \u00e0 piedosa obra de sepultar os m\u00e1rtires crist\u00e3os. Foram logo presos, processados e condenados \u00e0 decapita\u00e7\u00e3o a quatro milhas fora de Roma. Pelo caminho os dois irm\u00e3os conseguiram converter o prefeito M\u00e1ximo, que colheu com eles a palma do mart\u00edrio.<\/p>\n<p>Cec\u00edlia dep\u00f4s seus corpos em um sarc\u00f3fago, depois lhe coube dar a Cristo o extremo testemunho. Condenada \u00e0 fogueira, saiu ilesa do supl\u00edcio. Passou-se ent\u00e3o \u00e0 decapita\u00e7\u00e3o, mas a espada do verdugo n\u00e3o conseguiu cortar-lhe a cabe\u00e7a. Cec\u00edlia esperou assim por tr\u00eas dias a visita do papa Urbano e por todo aquele tempo continuou a professar a sua f\u00e9 ao Deus Uno e Trino, com os dedos da m\u00e3o, pois n\u00e3o podia proferir uma palavra. Nesta atitude foi esculpida por Maderno a sua c\u00e9lebre est\u00e1tua.<\/p>\n<p>Antes de morrer, encontrou um modo de encarregar o papa da distribui\u00e7\u00e3o de seus bens aos pobres, pedindo-lhe que transformasse sua casa em igreja. Aqui termina a Paix\u00e3o. A hist\u00f3ria averiguou a exist\u00eancia dos m\u00e1rtires Valeriano e Tib\u00farcio, se bem que seja dif\u00edcil estabelecer uma rela\u00e7\u00e3o entre eles e santa Cec\u00edlia.<\/p>\n<p>O patroc\u00ednio da m\u00e1rtir romana \u00e0 m\u00fasica sacra deveu-se a uma simples frase que se l\u00ea na Paix\u00e3o, segundo a qual a jovem esposa, no dia das n\u00fapcias, \u201cenquanto os \u00f3rg\u00e3os tocavam, cantava em seu cora\u00e7\u00e3o t\u00e3o-s\u00f3 para o Senhor\u201d. Aceita-se que suas rel\u00edquias, originariamente guardadas nas catacumbas de S\u00e3o Calisto, ao lado da Cripta dos Papas, tenham sido transferidas pelo papa Pascoal I (817-824) para a bas\u00edlica do Trast\u00e9vere, a ela dedicada.<\/p>\n<p style=\"text-align: justify;\">Santa Cec\u00edlia, rogai por n\u00f3s!<\/p>\n","protected":false},"excerpt":{"rendered":"<p>Cec\u00edlia, entre as mais populares virgens de Roma, \u00e9 apresentada como virgo clar\u00edssima e ao mesmo tempo como esposa do jovem Valeriano. A Paix\u00e3o, posterior ao s\u00e9culo V, pouco confi\u00e1vel do ponto de vista hist\u00f3rico, estende-se nos particulares para esclarecer a aparente contradi\u00e7\u00e3o: virgem esposa. Na noite de n\u00fapcias, Cec\u00edlia confidenciou ao esposo haver consagrado [&hellip;]<\/p>\n","protected":false},"author":1,"featured_media":22988,"comment_status":"closed","ping_status":"closed","sticky":false,"template":"","format":"standard","meta":{"footnotes":""},"categories":[32],"tags":[],"class_list":["post-3477","post","type-post","status-publish","format-standard","has-post-thumbnail","hentry","category-santo-do-dia"],"_links":{"self":[{"href":"https:\/\/catolicanet.net\/wp-cnet\/wp-json\/wp\/v2\/posts\/3477","targetHints":{"allow":["GET"]}}],"collection":[{"href":"https:\/\/catolicanet.net\/wp-cnet\/wp-json\/wp\/v2\/posts"}],"about":[{"href":"https:\/\/catolicanet.net\/wp-cnet\/wp-json\/wp\/v2\/types\/post"}],"author":[{"embeddable":true,"href":"https:\/\/catolicanet.net\/wp-cnet\/wp-json\/wp\/v2\/users\/1"}],"replies":[{"embeddable":true,"href":"https:\/\/catolicanet.net\/wp-cnet\/wp-json\/wp\/v2\/comments?post=3477"}],"version-history":[{"count":3,"href":"https:\/\/catolicanet.net\/wp-cnet\/wp-json\/wp\/v2\/posts\/3477\/revisions"}],"predecessor-version":[{"id":22989,"href":"https:\/\/catolicanet.net\/wp-cnet\/wp-json\/wp\/v2\/posts\/3477\/revisions\/22989"}],"wp:featuredmedia":[{"embeddable":true,"href":"https:\/\/catolicanet.net\/wp-cnet\/wp-json\/wp\/v2\/media\/22988"}],"wp:attachment":[{"href":"https:\/\/catolicanet.net\/wp-cnet\/wp-json\/wp\/v2\/media?parent=3477"}],"wp:term":[{"taxonomy":"category","embeddable":true,"href":"https:\/\/catolicanet.net\/wp-cnet\/wp-json\/wp\/v2\/categories?post=3477"},{"taxonomy":"post_tag","embeddable":true,"href":"https:\/\/catolicanet.net\/wp-cnet\/wp-json\/wp\/v2\/tags?post=3477"}],"curies":[{"name":"wp","href":"https:\/\/api.w.org\/{rel}","templated":true}]}}