{"id":34752,"date":"2017-08-15T16:41:58","date_gmt":"2017-08-15T19:41:58","guid":{"rendered":"http:\/\/catolicanet.net\/wp-cnet\/?p=34752"},"modified":"2017-08-16T10:42:13","modified_gmt":"2017-08-16T13:42:13","slug":"card-zenari-festa-da-assuncao-leva-esperanca-aos-cristaos-sirios","status":"publish","type":"post","link":"https:\/\/catolicanet.net\/wp-cnet\/card-zenari-festa-da-assuncao-leva-esperanca-aos-cristaos-sirios\/","title":{"rendered":"Card. Zenari: Festa da Assun\u00e7\u00e3o leva esperan\u00e7a aos crist\u00e3os s\u00edrios"},"content":{"rendered":"<p style=\"text-align: justify;\">Damasco (RV) \u2013 A comunidade crist\u00e3 na S\u00edria, n\u00e3o obstante as grandes dificuldades, se reunir\u00e1 nas igrejas para a celebra\u00e7\u00e3o da Solenidade da Assun\u00e7\u00e3o.<\/p>\n<p>Pelo s\u00e9timo ano consecutivo a festividade mariana \u00e9 vivida num contexto de guerra, todavia, os crist\u00e3os s\u00e3o animados por uma renovada esperan\u00e7a. A fr\u00e1gil e parcial \u201cpacifica\u00e7\u00e3o\u201d de muitas \u00e1reas permitir\u00e1, de fato, que milhares de fi\u00e9is de v\u00e1rias Confiss\u00f5es crist\u00e3s participem das celebra\u00e7\u00f5es.<\/p>\n<p>Para saber com que esp\u00edrito os crist\u00e3os s\u00edrios viver\u00e3o esta festa, a R\u00e1dio Vaticano conversou com o N\u00fancio Apost\u00f3lico em Damasco, Cardeal Mario Zenari:<\/p>\n<p>\u201cEsta Solenidade da Assun\u00e7\u00e3o aqui, nas Igrejas Orientais \u2013 quer cat\u00f3licas como ortodoxas \u2013 \u00e9 chamada pelo nome de \u201cdormi\u00e7\u00e3o\u201d de Nossa Senhora: \u00e9 o mesmo dogma. Deve-se sublinhar que todas as Igrejas Orientais, a Latina naturalmente inclu\u00edda, celebram esta Festa de Nossa Senhora na mesma data. As pessoas v\u00e3o \u00e0s Igrejas, cantam hinos a Nossa Senhora e isto \u00e9 preparado tamb\u00e9m com o jejum\u201d.<\/p>\n<p>RV: A M\u00e3e de Cristo \u00e9 olhada com respeito e venerada tamb\u00e9m pelos mu\u00e7ulmanos. Poder\u00edamos dizer que a liberdade religiosa continua a ser um bom term\u00f4metro deste mosaico de culturas que \u00e9 a S\u00edria?<\/p>\n<p>\u201cEm rela\u00e7\u00e3o \u00e0 S\u00edria, sempre existiu uma satisfat\u00f3ria liberdade religiosa, com respeito de uns pelos outros, e Nossa Senhora \u00e9 tamb\u00e9m por eles muito venerada: \u00e9 mencionada no Alcor\u00e3o e eles t\u00eam muito respeito pela M\u00e3e de Cristo, que eles consideram um grande Profeta. Participam tamb\u00e9m eles deste clima de festa dos crist\u00e3os. Neste ano, que \u00e9 o s\u00e9timo ano de guerra, existe esta particularidade, que \u00e9 uma diminui\u00e7\u00e3o da viol\u00eancia em termos gerais, um pouco por tudo, mesmo se em algumas \u00e1reas ainda existe muito sofrimento. Sobretudo na regi\u00e3o do governatorato de Raqqa existem muitas pessoas que tiveram que escapar, muitos refugiados desde abril nesta parte: fala-se de 200 mil pessoas. Portanto, existe um pouco de esperan\u00e7a de que a situa\u00e7\u00e3o melhore um pouco\u201d.<\/p>\n<p>RV: Poder\u00edamos dizer ent\u00e3o, que depois de sete anos de guerra e de viol\u00eancia, a comunidade crist\u00e3 pode ter um pouco de esperan\u00e7a nestes dias?<\/p>\n<p>\u201cEu diria que sim. Neste momento, tenho presente tr\u00eas par\u00f3quias que est\u00e3o na regi\u00e3o de Idlib. No total, existem 700 fi\u00e9is e n\u00e3o obstante tantos limites, t\u00eam a possibilidade de viver a sua liturgia com as suas ora\u00e7\u00f5es, todos os dias. Imagino a alegria com a qual esta comunidade, n\u00e3o obstante todas as limita\u00e7\u00f5es, celebram esta Festa da Assun\u00e7\u00e3o. Aqui a devo\u00e7\u00e3o por Nossa Senhora \u00e9 muito, muito forte; as igrejas, os mosteiros dedicados a Virgem, s\u00e3o muito numerosos e sem sombra de d\u00favida se elevam fortes invoca\u00e7\u00f5es de ora\u00e7\u00e3o pela paz, pela reconcilia\u00e7\u00e3o na S\u00edria\u201d.<\/p>\n<p>RV: Que not\u00edcias chegam das regi\u00f5es do conflito?\u00a0 A Igreja Cat\u00f3lica s\u00edria permanece na linha de frente nas ajudas humanit\u00e1rias e na promo\u00e7\u00e3o do di\u00e1logo?<\/p>\n<p>\u201cAgradecemos \u00e0s nossas comunidades crist\u00e3s cat\u00f3licas do mundo inteiro que enviam ajudas constantemente; aqui, as Igrejas est\u00e3o comprometidas no esfor\u00e7o de organizar sempre\u00a0 melhor esta assist\u00eancia a todos, crist\u00e3os e n\u00e3o crist\u00e3os. Me refiro em particular a Aleppo Leste, que est\u00e1 toda destru\u00edda, onde j\u00e1 desde janeiro foram abertos centros da Caritas Siria para a distribui\u00e7\u00e3o de ajudas e assist\u00eancia. \u00c9 uma \u00e1rea totalmente mu\u00e7ulmana: alguns se maravilharam e perguntaram: \u201cPor que voc\u00eas crist\u00e3os est\u00e3o aqui e nos ajudam?\u201d. Estes s\u00e3o os sinais da nossa presen\u00e7a na S\u00edria: de abertura aos outros\u201d.<\/p>\n<p style=\"text-align: justify;\">\n<p style=\"text-align: justify;\">Fonte: R\u00e1dio Vaticano<\/p>\n","protected":false},"excerpt":{"rendered":"<p>Damasco (RV) \u2013 A comunidade crist\u00e3 na S\u00edria, n\u00e3o obstante as grandes dificuldades, se reunir\u00e1 nas igrejas para a celebra\u00e7\u00e3o da Solenidade da Assun\u00e7\u00e3o. Pelo s\u00e9timo ano consecutivo a festividade mariana \u00e9 vivida num contexto de guerra, todavia, os crist\u00e3os s\u00e3o animados por uma renovada esperan\u00e7a. A fr\u00e1gil e parcial \u201cpacifica\u00e7\u00e3o\u201d de muitas \u00e1reas permitir\u00e1, [&hellip;]<\/p>\n","protected":false},"author":1,"featured_media":34753,"comment_status":"open","ping_status":"closed","sticky":false,"template":"","format":"standard","meta":{"footnotes":""},"categories":[3],"tags":[],"class_list":["post-34752","post","type-post","status-publish","format-standard","has-post-thumbnail","hentry","category-vaticano"],"_links":{"self":[{"href":"https:\/\/catolicanet.net\/wp-cnet\/wp-json\/wp\/v2\/posts\/34752","targetHints":{"allow":["GET"]}}],"collection":[{"href":"https:\/\/catolicanet.net\/wp-cnet\/wp-json\/wp\/v2\/posts"}],"about":[{"href":"https:\/\/catolicanet.net\/wp-cnet\/wp-json\/wp\/v2\/types\/post"}],"author":[{"embeddable":true,"href":"https:\/\/catolicanet.net\/wp-cnet\/wp-json\/wp\/v2\/users\/1"}],"replies":[{"embeddable":true,"href":"https:\/\/catolicanet.net\/wp-cnet\/wp-json\/wp\/v2\/comments?post=34752"}],"version-history":[{"count":1,"href":"https:\/\/catolicanet.net\/wp-cnet\/wp-json\/wp\/v2\/posts\/34752\/revisions"}],"predecessor-version":[{"id":34754,"href":"https:\/\/catolicanet.net\/wp-cnet\/wp-json\/wp\/v2\/posts\/34752\/revisions\/34754"}],"wp:featuredmedia":[{"embeddable":true,"href":"https:\/\/catolicanet.net\/wp-cnet\/wp-json\/wp\/v2\/media\/34753"}],"wp:attachment":[{"href":"https:\/\/catolicanet.net\/wp-cnet\/wp-json\/wp\/v2\/media?parent=34752"}],"wp:term":[{"taxonomy":"category","embeddable":true,"href":"https:\/\/catolicanet.net\/wp-cnet\/wp-json\/wp\/v2\/categories?post=34752"},{"taxonomy":"post_tag","embeddable":true,"href":"https:\/\/catolicanet.net\/wp-cnet\/wp-json\/wp\/v2\/tags?post=34752"}],"curies":[{"name":"wp","href":"https:\/\/api.w.org\/{rel}","templated":true}]}}