{"id":3475,"date":"2013-11-21T17:57:16","date_gmt":"2013-11-21T19:57:16","guid":{"rendered":"http:\/\/catolicanet.net\/wp-cnet\/bispos-do-cone-sul-avaliam-trabalhos-da-animacao-biblico-catequetica-na-regiao\/"},"modified":"2017-03-24T09:27:55","modified_gmt":"2017-03-24T12:27:55","slug":"bispos-do-cone-sul-avaliam-trabalhos-da-animacao-biblico-catequetica-na-regiao","status":"publish","type":"post","link":"https:\/\/catolicanet.net\/wp-cnet\/bispos-do-cone-sul-avaliam-trabalhos-da-animacao-biblico-catequetica-na-regiao\/","title":{"rendered":"Bispos do Cone Sul avaliam trabalhos da Anima\u00e7\u00e3o B\u00edblico-Catequ\u00e9tica na regi\u00e3o"},"content":{"rendered":"<p style=\"text-align: justify;\"><img loading=\"lazy\" decoding=\"async\" src=\"http:\/\/catolicanet.com.br\/images\/stories\/catequese.jpg\" border=\"0\" width=\"282\" height=\"211\" align=\"left\" \/>Os bispos presidentes das Comiss\u00f5es da Anima\u00e7\u00e3o B\u00edblico-Caqu\u00e9tica dos cinco pa\u00edses que comp\u00f5em a regi\u00e3o do Cone Sul (Argentina, Brasil, Chile, Paraguai e Uruguai) est\u00e3o reunidos em Ipacaray, Paraguai, at\u00e9 amanh\u00e3, dia 22.<\/p>\n<p>Do Brasil, est\u00e3o presentes no evento o presidente e o assessor da Comiss\u00e3o Episcopal Pastoral para a Anima\u00e7\u00e3o B\u00edblico-Caqu\u00e9tica, da CNBB, respectivamente, dom Jacinto Bergmann e padre D\u00e9cio Walker.<\/p>\n<p>De acordo com padre D\u00e9cio, o encontro tem como objetivo refletir sobre a caminhada b\u00edblica nos pa\u00edses do Cone Sul, a partir de relatos das experi\u00eancias feitas pelos participantes de cada pa\u00eds.<\/p>\n<p>\u201cApesar das diferen\u00e7as culturais e eclesiais, existem muitos pontos comuns que ajudam a ver que o Esp\u00edrito sopra e orienta a Igreja da Am\u00e9rica Latina por um caminho de escuta cada vez maior da Palavra de Deus e tamb\u00e9m sua pr\u00e1tica na vida das comunidades\u201d, explica.<\/p>\n<p>O encontro teve in\u00edcio na \u00faltima ter\u00e7a-feira, dia 19.<\/p>\n<p style=\"text-align: justify;\"><strong><br \/><\/strong><\/p>\n<p style=\"text-align: justify;\"><strong>Local: Bras\u00edlia (DF)<br \/>Fonte: CNBB<\/strong><\/p>\n","protected":false},"excerpt":{"rendered":"<p>Os bispos presidentes das Comiss\u00f5es da Anima\u00e7\u00e3o B\u00edblico-Caqu\u00e9tica dos cinco pa\u00edses que comp\u00f5em a regi\u00e3o do Cone Sul (Argentina, Brasil, Chile, Paraguai e Uruguai) est\u00e3o reunidos em Ipacaray, Paraguai, at\u00e9 amanh\u00e3, dia 22. Do Brasil, est\u00e3o presentes no evento o presidente e o assessor da Comiss\u00e3o Episcopal Pastoral para a Anima\u00e7\u00e3o B\u00edblico-Caqu\u00e9tica, da CNBB, respectivamente, [&hellip;]<\/p>\n","protected":false},"author":1,"featured_media":0,"comment_status":"closed","ping_status":"closed","sticky":false,"template":"","format":"standard","meta":{"footnotes":""},"categories":[7],"tags":[],"class_list":["post-3475","post","type-post","status-publish","format-standard","hentry","category-cnbb"],"_links":{"self":[{"href":"https:\/\/catolicanet.net\/wp-cnet\/wp-json\/wp\/v2\/posts\/3475","targetHints":{"allow":["GET"]}}],"collection":[{"href":"https:\/\/catolicanet.net\/wp-cnet\/wp-json\/wp\/v2\/posts"}],"about":[{"href":"https:\/\/catolicanet.net\/wp-cnet\/wp-json\/wp\/v2\/types\/post"}],"author":[{"embeddable":true,"href":"https:\/\/catolicanet.net\/wp-cnet\/wp-json\/wp\/v2\/users\/1"}],"replies":[{"embeddable":true,"href":"https:\/\/catolicanet.net\/wp-cnet\/wp-json\/wp\/v2\/comments?post=3475"}],"version-history":[{"count":1,"href":"https:\/\/catolicanet.net\/wp-cnet\/wp-json\/wp\/v2\/posts\/3475\/revisions"}],"predecessor-version":[{"id":7851,"href":"https:\/\/catolicanet.net\/wp-cnet\/wp-json\/wp\/v2\/posts\/3475\/revisions\/7851"}],"wp:attachment":[{"href":"https:\/\/catolicanet.net\/wp-cnet\/wp-json\/wp\/v2\/media?parent=3475"}],"wp:term":[{"taxonomy":"category","embeddable":true,"href":"https:\/\/catolicanet.net\/wp-cnet\/wp-json\/wp\/v2\/categories?post=3475"},{"taxonomy":"post_tag","embeddable":true,"href":"https:\/\/catolicanet.net\/wp-cnet\/wp-json\/wp\/v2\/tags?post=3475"}],"curies":[{"name":"wp","href":"https:\/\/api.w.org\/{rel}","templated":true}]}}