{"id":34731,"date":"2017-08-15T15:44:49","date_gmt":"2017-08-15T18:44:49","guid":{"rendered":"http:\/\/catolicanet.net\/wp-cnet\/?p=34731"},"modified":"2017-08-16T09:49:56","modified_gmt":"2017-08-16T12:49:56","slug":"muticom-como-nao-se-deixar-manipular-pela-tecnologia-ouca","status":"publish","type":"post","link":"https:\/\/catolicanet.net\/wp-cnet\/muticom-como-nao-se-deixar-manipular-pela-tecnologia-ouca\/","title":{"rendered":"Muticom: como n\u00e3o se deixar manipular pela tecnologia. Ou\u00e7a"},"content":{"rendered":"<p style=\"text-align: justify;\">Joinville (RV) &#8211; Tudo pronto na cidade catarinense de Joinville para a abertura, quarta-feira (16\/08) do 10\u00ba Mutir\u00e3o Brasileiro de Comunica\u00e7\u00e3o, com o tema \u201cEducar para a Comunica\u00e7\u00e3o\u201d. O evento, promovido pela CNBB, mediante a Comiss\u00e3o Episcopal Pastoral para a Comunica\u00e7\u00e3o, se estende at\u00e9 dia 20 de agosto.<\/p>\n<p style=\"text-align: justify;\"><a href=\"http:\/\/media02.radiovaticana.va\/audio\/audio2\/mp3\/00592539.mp3\">Clique aqui para ouvir:<\/a><\/p>\n<p style=\"text-align: justify;\">Com o apoio da Signis Brasil e da RCR \u2013 Rede Cat\u00f3lica de R\u00e1dio, a diocese est\u00e1 organizando o Mutir\u00e3o com o apoio do Regional Sul 4 da CNBB.<\/p>\n<p>Origem do nome e objetivos do evento<\/p>\n<p>A palavra mutir\u00e3o se refere a uma constru\u00e7\u00e3o coletiva realizada por um grupo, comunidade ou organiza\u00e7\u00e3o. Neste sentido, o Mutir\u00e3o Nacional de Comunica\u00e7\u00e3o tem por finalidade colocar em comum os saberes, as pesquisas e as pr\u00e1ticas de comunica\u00e7\u00e3o no \u00e2mbito da sociedade e da Igreja.<\/p>\n<p>Em entrevista a Silvonei Jos\u00e9, Padre Ivanor Macieski, assessor diocesano de comunica\u00e7\u00e3o da Diocese de Joinville, afirma que \u201ca comunica\u00e7\u00e3o \u00e9 din\u00e2mica\u201d e releva os dois aspectos da educa\u00e7\u00e3o a serem abordados no Mutir\u00e3o: para que a Igreja a use melhor e de modo qualificado para a evangeliza\u00e7\u00e3o; e como \u2018ler\u2019 os diferentes meios de comunica\u00e7\u00e3o para n\u00e3o se deixar manipular por eles.<\/p>\n<p style=\"text-align: justify;\"><a href=\"https:\/\/www.youtube.com\/watch?v=WrvdNBGe4jY\">Clique aqui para assistir o v\u00eddeo:<\/a><\/p>\n<p style=\"text-align: justify;\">Fonte: R\u00e1dio Vaticano<\/p>\n","protected":false},"excerpt":{"rendered":"<p>Joinville (RV) &#8211; Tudo pronto na cidade catarinense de Joinville para a abertura, quarta-feira (16\/08) do 10\u00ba Mutir\u00e3o Brasileiro de Comunica\u00e7\u00e3o, com o tema \u201cEducar para a Comunica\u00e7\u00e3o\u201d. O evento, promovido pela CNBB, mediante a Comiss\u00e3o Episcopal Pastoral para a Comunica\u00e7\u00e3o, se estende at\u00e9 dia 20 de agosto. Clique aqui para ouvir: Com o apoio [&hellip;]<\/p>\n","protected":false},"author":1,"featured_media":34732,"comment_status":"open","ping_status":"closed","sticky":false,"template":"","format":"standard","meta":{"footnotes":""},"categories":[3],"tags":[],"class_list":["post-34731","post","type-post","status-publish","format-standard","has-post-thumbnail","hentry","category-vaticano"],"_links":{"self":[{"href":"https:\/\/catolicanet.net\/wp-cnet\/wp-json\/wp\/v2\/posts\/34731","targetHints":{"allow":["GET"]}}],"collection":[{"href":"https:\/\/catolicanet.net\/wp-cnet\/wp-json\/wp\/v2\/posts"}],"about":[{"href":"https:\/\/catolicanet.net\/wp-cnet\/wp-json\/wp\/v2\/types\/post"}],"author":[{"embeddable":true,"href":"https:\/\/catolicanet.net\/wp-cnet\/wp-json\/wp\/v2\/users\/1"}],"replies":[{"embeddable":true,"href":"https:\/\/catolicanet.net\/wp-cnet\/wp-json\/wp\/v2\/comments?post=34731"}],"version-history":[{"count":1,"href":"https:\/\/catolicanet.net\/wp-cnet\/wp-json\/wp\/v2\/posts\/34731\/revisions"}],"predecessor-version":[{"id":34733,"href":"https:\/\/catolicanet.net\/wp-cnet\/wp-json\/wp\/v2\/posts\/34731\/revisions\/34733"}],"wp:featuredmedia":[{"embeddable":true,"href":"https:\/\/catolicanet.net\/wp-cnet\/wp-json\/wp\/v2\/media\/34732"}],"wp:attachment":[{"href":"https:\/\/catolicanet.net\/wp-cnet\/wp-json\/wp\/v2\/media?parent=34731"}],"wp:term":[{"taxonomy":"category","embeddable":true,"href":"https:\/\/catolicanet.net\/wp-cnet\/wp-json\/wp\/v2\/categories?post=34731"},{"taxonomy":"post_tag","embeddable":true,"href":"https:\/\/catolicanet.net\/wp-cnet\/wp-json\/wp\/v2\/tags?post=34731"}],"curies":[{"name":"wp","href":"https:\/\/api.w.org\/{rel}","templated":true}]}}