{"id":3469,"date":"2013-11-21T12:25:12","date_gmt":"2013-11-21T14:25:12","guid":{"rendered":"http:\/\/catolicanet.net\/wp-cnet\/transmissoes-conclusivas-do-ano-da-fe-confira\/"},"modified":"2017-03-24T09:32:31","modified_gmt":"2017-03-24T12:32:31","slug":"transmissoes-conclusivas-do-ano-da-fe-confira","status":"publish","type":"post","link":"https:\/\/catolicanet.net\/wp-cnet\/transmissoes-conclusivas-do-ano-da-fe-confira\/","title":{"rendered":"Transmiss\u00f5es conclusivas do Ano da F\u00e9. Confira!"},"content":{"rendered":"<p><img decoding=\"async\" src=\"http:\/\/catolicanet.com.br\/images\/stories\/crisma.jpg\" border=\"0\" align=\"left\" \/>Por ocasi\u00e3o do encerramento do Ano da F\u00e9, o Programa Brasileiro transmitir\u00e1 dois eventos ao vivo este final de semana:<\/p>\n<p><strong>S\u00e1bado, 23 de novembro:<br \/><\/strong><br \/>&#8211; Encontro do Papa Francisco com os catec\u00famenos na Bas\u00edlica Vaticana, durante o qual o Pont\u00edfice presidir\u00e1 ao Rito de Admiss\u00e3o ao Catecumenato.<\/p>\n<p>Hor\u00e1rio previsto da transmiss\u00e3o da R\u00e1dio Vaticano: <strong>15h50-18h00<\/strong> (12h50-15h00 \u2013 hor\u00e1rio de Bras\u00edlia).<\/p>\n<p>O in\u00edcio da catequese do Santo Padre est\u00e1 marcado para as 16h30.<\/p>\n<p>Domingo, 24 de novembro:<\/p>\n<p>&#8211; Celebra\u00e7\u00e3o Eucar\u00edstica presidida pelo Papa Francisco na Pra\u00e7a S. Pedro.<\/p>\n<p>Hor\u00e1rio previsto da transmiss\u00e3o da R\u00e1dio Vaticano:<strong> 10h20-12h20 <\/strong>(07h20-09h20 \u2013 hor\u00e1rio de Bras\u00edlia)<\/p>\n<p>\u00a0<\/p>\n<p><strong>Local: Cidade do Vaticano<br \/>Fonte: R\u00e1dio Vaticano<\/strong><\/p>\n","protected":false},"excerpt":{"rendered":"<p>Por ocasi\u00e3o do encerramento do Ano da F\u00e9, o Programa Brasileiro transmitir\u00e1 dois eventos ao vivo este final de semana: S\u00e1bado, 23 de novembro:&#8211; Encontro do Papa Francisco com os catec\u00famenos na Bas\u00edlica Vaticana, durante o qual o Pont\u00edfice presidir\u00e1 ao Rito de Admiss\u00e3o ao Catecumenato. Hor\u00e1rio previsto da transmiss\u00e3o da R\u00e1dio Vaticano: 15h50-18h00 (12h50-15h00 [&hellip;]<\/p>\n","protected":false},"author":1,"featured_media":0,"comment_status":"closed","ping_status":"closed","sticky":false,"template":"","format":"standard","meta":{"footnotes":""},"categories":[3],"tags":[],"class_list":["post-3469","post","type-post","status-publish","format-standard","hentry","category-vaticano"],"_links":{"self":[{"href":"https:\/\/catolicanet.net\/wp-cnet\/wp-json\/wp\/v2\/posts\/3469","targetHints":{"allow":["GET"]}}],"collection":[{"href":"https:\/\/catolicanet.net\/wp-cnet\/wp-json\/wp\/v2\/posts"}],"about":[{"href":"https:\/\/catolicanet.net\/wp-cnet\/wp-json\/wp\/v2\/types\/post"}],"author":[{"embeddable":true,"href":"https:\/\/catolicanet.net\/wp-cnet\/wp-json\/wp\/v2\/users\/1"}],"replies":[{"embeddable":true,"href":"https:\/\/catolicanet.net\/wp-cnet\/wp-json\/wp\/v2\/comments?post=3469"}],"version-history":[{"count":1,"href":"https:\/\/catolicanet.net\/wp-cnet\/wp-json\/wp\/v2\/posts\/3469\/revisions"}],"predecessor-version":[{"id":7856,"href":"https:\/\/catolicanet.net\/wp-cnet\/wp-json\/wp\/v2\/posts\/3469\/revisions\/7856"}],"wp:attachment":[{"href":"https:\/\/catolicanet.net\/wp-cnet\/wp-json\/wp\/v2\/media?parent=3469"}],"wp:term":[{"taxonomy":"category","embeddable":true,"href":"https:\/\/catolicanet.net\/wp-cnet\/wp-json\/wp\/v2\/categories?post=3469"},{"taxonomy":"post_tag","embeddable":true,"href":"https:\/\/catolicanet.net\/wp-cnet\/wp-json\/wp\/v2\/tags?post=3469"}],"curies":[{"name":"wp","href":"https:\/\/api.w.org\/{rel}","templated":true}]}}