{"id":3468,"date":"2013-11-21T12:09:07","date_gmt":"2013-11-21T14:09:07","guid":{"rendered":"http:\/\/catolicanet.net\/wp-cnet\/papa-visita-mosteiro-fala-a-radio-vaticano-a-abadessa\/"},"modified":"2017-03-24T09:34:20","modified_gmt":"2017-03-24T12:34:20","slug":"papa-visita-mosteiro-fala-a-radio-vaticano-a-abadessa","status":"publish","type":"post","link":"https:\/\/catolicanet.net\/wp-cnet\/papa-visita-mosteiro-fala-a-radio-vaticano-a-abadessa\/","title":{"rendered":"Papa visita Mosteiro: fala \u00e0 R\u00e1dio Vaticano a abadessa"},"content":{"rendered":"<p style=\"text-align: justify;\"><img decoding=\"async\" src=\"http:\/\/catolicanet.com.br\/images\/stories\/mosteirodesantoantonio.jpg\" border=\"0\" align=\"left\" \/>Na Jornada Pro Orantibus, dedicada a todas as comunidades de clausura, o Papa Francisco visitar\u00e1 na tarde desta quinta-feira o Mosteiro de Santo Ant\u00f4nio Abade das Monjas Beneditinas Camaldolenses, localizado no Monte Aventino, em Roma. A visita que ter\u00e1 in\u00edcio \u00e0s 17h locais, vai durar cerca de uma hora, e contar\u00e1 com um momento de ora\u00e7\u00e3o com as monjas e um col\u00f3quio privado com a comunidade. Mas qual o clima que se respira no Mosteiro na v\u00e9spera deste evento cheio de expectativas? Eis o que disse \u00e0 R\u00e1dio Vaticano a abadessa, Madre Michela Porcellato:<\/p>\n<p>R. \u2013<em> \u00c9 o clima de cada dia, ritmado pela ora\u00e7\u00e3o e pelo trabalho, mas certamente h\u00e1 algo mais: esta alegre expectativa de um evento que chegou como uma surpresa.<\/em><\/p>\n<p>P. &#8211; H\u00e1 qualquer iniciativa particular programada?<\/p>\n<p>R. &#8211; <em>A iniciativa que programamos neste momento \u00e9 precisamente de intensificar mais a nossa ora\u00e7\u00e3o, o nosso recolhimento, para desfrutar deste momento de alegria.<\/em><\/p>\n<p>P. &#8211; Madre Michela, a vida em clausura em todas as \u00e9pocas foi vista como uma escolha radical, \u00e0s vezes incompreens\u00edvel at\u00e9 mesmo para os que cr\u00eaem. Como voc\u00eas se relacionam, hoje, com o mundo fora dos muros de seu mosteiro, em tempos &#8211; devemos dizer &#8211; de grande busca de visibilidade atrav\u00e9s dos meios de comunica\u00e7\u00e3o, de toda a atividade humana?<\/p>\n<p>R. &#8211;<em> Diria que o conceito de clausura ap\u00f3s o Conc\u00edlio tamb\u00e9m mudou de acordo com as Constitui\u00e7\u00f5es de cada mosteiro. Certamente existem separa\u00e7\u00f5es mais fortes em rela\u00e7\u00e3o ao mundo exterior, e separa\u00e7\u00f5es mais interiores. O conceito de clausura se refere \u00e0 cust\u00f3dia do cora\u00e7\u00e3o particularmente, e, portanto, n\u00e3o vimos a necessidade, nestes anos, de uma atualiza\u00e7\u00e3o sobre a clausura do nosso mosteiro, mesmo mantendo-se fiel aos valores fundamentais do significado da clausura, da separa\u00e7\u00e3o. Ent\u00e3o, n\u00e3o ficar fora do mundo, mas estar ainda mais dentro da hist\u00f3ria dos nossos tempos, precisamente atrav\u00e9s da preserva\u00e7\u00e3o de si mesmo, do pr\u00f3prio cora\u00e7\u00e3o, eliminando a raiz do mal que habita em n\u00f3s atrav\u00e9s da gra\u00e7a do Senhor, para poder ser tamb\u00e9m testemunha da luz de modo mais aut\u00eantico. Sem, por\u00e9m ter essa separa\u00e7\u00e3o t\u00e3o forte, porque pensamos que at\u00e9 mesmo um servi\u00e7o do mosteiro no mundo exterior possa ser importante, como por exemplo, fazer conhecer mais a Palavra de Deus, acolher os h\u00f3spedes para a ora\u00e7\u00e3o lit\u00fargica, servir os pobres, cuidar dos peregrinos, e acima de tudo, acolher todas as necessidades do homem de hoje.<\/em><\/p>\n<p style=\"text-align: justify;\">\u00a0<\/p>\n<p style=\"text-align: justify;\"><strong>Local: Roma<br \/>Fonte: R\u00e1dio Vaticano<\/strong><\/p>\n<p style=\"text-align: justify;\">\u00a0<\/p>\n<p style=\"text-align: justify;\">Local:<br \/>Fonte:<\/p>\n","protected":false},"excerpt":{"rendered":"<p>Na Jornada Pro Orantibus, dedicada a todas as comunidades de clausura, o Papa Francisco visitar\u00e1 na tarde desta quinta-feira o Mosteiro de Santo Ant\u00f4nio Abade das Monjas Beneditinas Camaldolenses, localizado no Monte Aventino, em Roma. A visita que ter\u00e1 in\u00edcio \u00e0s 17h locais, vai durar cerca de uma hora, e contar\u00e1 com um momento de [&hellip;]<\/p>\n","protected":false},"author":1,"featured_media":0,"comment_status":"closed","ping_status":"closed","sticky":false,"template":"","format":"standard","meta":{"footnotes":""},"categories":[3],"tags":[],"class_list":["post-3468","post","type-post","status-publish","format-standard","hentry","category-vaticano"],"_links":{"self":[{"href":"https:\/\/catolicanet.net\/wp-cnet\/wp-json\/wp\/v2\/posts\/3468","targetHints":{"allow":["GET"]}}],"collection":[{"href":"https:\/\/catolicanet.net\/wp-cnet\/wp-json\/wp\/v2\/posts"}],"about":[{"href":"https:\/\/catolicanet.net\/wp-cnet\/wp-json\/wp\/v2\/types\/post"}],"author":[{"embeddable":true,"href":"https:\/\/catolicanet.net\/wp-cnet\/wp-json\/wp\/v2\/users\/1"}],"replies":[{"embeddable":true,"href":"https:\/\/catolicanet.net\/wp-cnet\/wp-json\/wp\/v2\/comments?post=3468"}],"version-history":[{"count":1,"href":"https:\/\/catolicanet.net\/wp-cnet\/wp-json\/wp\/v2\/posts\/3468\/revisions"}],"predecessor-version":[{"id":7857,"href":"https:\/\/catolicanet.net\/wp-cnet\/wp-json\/wp\/v2\/posts\/3468\/revisions\/7857"}],"wp:attachment":[{"href":"https:\/\/catolicanet.net\/wp-cnet\/wp-json\/wp\/v2\/media?parent=3468"}],"wp:term":[{"taxonomy":"category","embeddable":true,"href":"https:\/\/catolicanet.net\/wp-cnet\/wp-json\/wp\/v2\/categories?post=3468"},{"taxonomy":"post_tag","embeddable":true,"href":"https:\/\/catolicanet.net\/wp-cnet\/wp-json\/wp\/v2\/tags?post=3468"}],"curies":[{"name":"wp","href":"https:\/\/api.w.org\/{rel}","templated":true}]}}