{"id":34675,"date":"2017-08-14T13:39:04","date_gmt":"2017-08-14T16:39:04","guid":{"rendered":"http:\/\/catolicanet.net\/wp-cnet\/?p=34675"},"modified":"2017-08-15T16:43:24","modified_gmt":"2017-08-15T19:43:24","slug":"faleceu-aos-83-anos-dom-luis-vincenzo-bernetti-e-a-cnbb-envia-mensagem-de-condolencias","status":"publish","type":"post","link":"https:\/\/catolicanet.net\/wp-cnet\/faleceu-aos-83-anos-dom-luis-vincenzo-bernetti-e-a-cnbb-envia-mensagem-de-condolencias\/","title":{"rendered":"Faleceu, aos 83 anos, dom Luis Vincenzo Bernetti e a CNBB envia mensagem de condol\u00eancias"},"content":{"rendered":"<p style=\"text-align: justify;\">A Diocese de Apucarana (PR) comunicou neste s\u00e1bado, 12 de agosto, o falecimento do bispo em\u00e9rito dom Luis Vincenzo Bernetti, aos 83 anos de idade, ocorrido nesta sexta-feira, (11), \u00e0s 18h, na cidade do Rio de Janeiro.<\/p>\n<p>O corpo de dom Luis Vincenzo Bernetti chega neste domingo (13), por volta das 11h da manh\u00e3 na Catedral Nossa Senhora de Lourdes, em Apucarana.<\/p>\n<p>\u00c0s 14h dom Celso Marchiori, bispo diocesano, preside a missa de corpo presente. O corpo segue para Ampere, e na segunda-feira, 14, \u00e0s 15h, haver\u00e1 celebra\u00e7\u00e3o na Igreja Matriz e na sequ\u00eancia ser\u00e1 sepultado no cemit\u00e9rio municipal.<\/p>\n<p>O terceiro bispo diocesano de Apucarana. Nasceu no dia 24 de mar\u00e7o de 1.934 em Torchiaro de Ponzano di Fermo (AP) na It\u00e1lia, filho de Oreste Bernetti e Elvira Damiani Bernetti. Foi ordenado presb\u00edtero dia 01 de junho de 1.958 em Fermo, na It\u00e1lia, foi eleito e nomeado bispo titular de Rufiniana e auxiliar de Palmas-Francisco Beltr\u00e3o dia 12 de junho de 1996 e ordenado dia 25 de agosto de 1996, em Amp\u00e9re, no Paran\u00e1.<\/p>\n<p>Leia a Nota de pesar da CNBB:<\/p>\n<p>Nota de condol\u00eancias da CNBB pelo falecimento de dom Luis Vincenzo Bernetti<\/p>\n<p>Prezado dom Celso Ant\u00f4nio Marchiori.<\/p>\n<p>A Confer\u00eancia Nacional dos Bispos do Brasil (CNBB) manifesta tristeza e pesar pelo falecimento do bispo em\u00e9rito da diocese Apucarana (PR), dom Luis Vincenzo Bernetti, ocorrido no final da tarde desta sexta-feira, 11 de agosto.<\/p>\n<p>Recordamos que dom Bernetti foi membro da Presid\u00eancia da CNBB, Regional Sul 2, representando a Prov\u00edncia Eclesi\u00e1stica de Cascavel, entre 1999 at\u00e9 2002.<\/p>\n<p>Destacamos seu lema episcopal que era \u201cEuntes Pr\u00e6dicate\u201d (Ide pregar). Uma lembran\u00e7a bonita do mandato de Cristo que se torna miss\u00e3o de todos n\u00f3s e da Igreja. A prega\u00e7\u00e3o que dom Bernetti procurou tamb\u00e9m realizar mediante o testemunho da pr\u00f3pria vida conforme nos disse o Papa Bento XI na Exorta\u00e7\u00e3o P\u00f3s-Sinodal \u201cVerbo Domini\u201d: \u201ccomo nos lembra S\u00e3o Jer\u00f4nimo, a prega\u00e7\u00e3o deve ser acompanhada pelo testemunho da pr\u00f3pria vida\u201d (VD, n.60).<\/p>\n<p>Rezamos para que dom Bernetti, \u201ctendo participado da morte de Cristo pelo batismo, participe igualmente da sua ressurrei\u00e7\u00e3o\u201c.<\/p>\n<p>Enviamos nossa sauda\u00e7\u00e3o ao senhor, aos familiares de dom Bernetti, e a todas as comunidades da diocese de Apucarana.<\/p>\n<p>Em Cristo,<\/p>\n<p>Leonardo Ulrich Steiner<\/p>\n<p>Bispo Auxiliar de Bras\u00edlia (DF)<\/p>\n<p>Secret\u00e1rio-Geral da CNBB<\/p>\n<p style=\"text-align: justify;\">Fonte: CNBB<\/p>\n","protected":false},"excerpt":{"rendered":"<p>A Diocese de Apucarana (PR) comunicou neste s\u00e1bado, 12 de agosto, o falecimento do bispo em\u00e9rito dom Luis Vincenzo Bernetti, aos 83 anos de idade, ocorrido nesta sexta-feira, (11), \u00e0s 18h, na cidade do Rio de Janeiro. O corpo de dom Luis Vincenzo Bernetti chega neste domingo (13), por volta das 11h da manh\u00e3 na [&hellip;]<\/p>\n","protected":false},"author":1,"featured_media":34676,"comment_status":"open","ping_status":"closed","sticky":false,"template":"","format":"standard","meta":{"footnotes":""},"categories":[7],"tags":[],"class_list":["post-34675","post","type-post","status-publish","format-standard","has-post-thumbnail","hentry","category-cnbb"],"_links":{"self":[{"href":"https:\/\/catolicanet.net\/wp-cnet\/wp-json\/wp\/v2\/posts\/34675","targetHints":{"allow":["GET"]}}],"collection":[{"href":"https:\/\/catolicanet.net\/wp-cnet\/wp-json\/wp\/v2\/posts"}],"about":[{"href":"https:\/\/catolicanet.net\/wp-cnet\/wp-json\/wp\/v2\/types\/post"}],"author":[{"embeddable":true,"href":"https:\/\/catolicanet.net\/wp-cnet\/wp-json\/wp\/v2\/users\/1"}],"replies":[{"embeddable":true,"href":"https:\/\/catolicanet.net\/wp-cnet\/wp-json\/wp\/v2\/comments?post=34675"}],"version-history":[{"count":2,"href":"https:\/\/catolicanet.net\/wp-cnet\/wp-json\/wp\/v2\/posts\/34675\/revisions"}],"predecessor-version":[{"id":34678,"href":"https:\/\/catolicanet.net\/wp-cnet\/wp-json\/wp\/v2\/posts\/34675\/revisions\/34678"}],"wp:featuredmedia":[{"embeddable":true,"href":"https:\/\/catolicanet.net\/wp-cnet\/wp-json\/wp\/v2\/media\/34676"}],"wp:attachment":[{"href":"https:\/\/catolicanet.net\/wp-cnet\/wp-json\/wp\/v2\/media?parent=34675"}],"wp:term":[{"taxonomy":"category","embeddable":true,"href":"https:\/\/catolicanet.net\/wp-cnet\/wp-json\/wp\/v2\/categories?post=34675"},{"taxonomy":"post_tag","embeddable":true,"href":"https:\/\/catolicanet.net\/wp-cnet\/wp-json\/wp\/v2\/tags?post=34675"}],"curies":[{"name":"wp","href":"https:\/\/api.w.org\/{rel}","templated":true}]}}