{"id":3465,"date":"2013-11-21T11:31:33","date_gmt":"2013-11-21T13:31:33","guid":{"rendered":"http:\/\/catolicanet.net\/wp-cnet\/a-igreja-a-servico-do-idoso-enfermo-especialistas-se-reunem-no-vaticano\/"},"modified":"2017-03-24T09:36:41","modified_gmt":"2017-03-24T12:36:41","slug":"a-igreja-a-servico-do-idoso-enfermo-especialistas-se-reunem-no-vaticano","status":"publish","type":"post","link":"https:\/\/catolicanet.net\/wp-cnet\/a-igreja-a-servico-do-idoso-enfermo-especialistas-se-reunem-no-vaticano\/","title":{"rendered":"A Igreja a servi\u00e7o do idoso enfermo: especialistas se re\u00fanem no Vaticano"},"content":{"rendered":"<p style=\"text-align: justify;\"><img decoding=\"async\" src=\"http:\/\/catolicanet.com.br\/images\/stories\/criancascarentes.jpg\" border=\"0\" align=\"left\" \/>\u201cA Igreja a servi\u00e7o do idoso enfermo\u201d \u00e9 o tema da 28\u00aa Confer\u00eancia Internacional do Pontif\u00edcio Conselho da Pastoral para os Agentes de Sa\u00fade, que tem in\u00edcio esta quinta-feira, no Vaticano.<\/p>\n<p>At\u00e9 s\u00e1bado, especialistas de todo o mundo debater\u00e3o a pastoral da Igreja junto aos idosos que sofrem de doen\u00e7as neurodegenerativas.<\/p>\n<p>A abertura foi feita esta manh\u00e3 pelo Presidente do Pontif\u00edcio Conselho, Dom Zygmunt Zimowski, que recordou o Magist\u00e9rio pontif\u00edcio das \u00faltimas d\u00e9cadas no que diz respeito \u00e0 solicitude da Igreja pelos idosos enfermos.<\/p>\n<p>Este tema ser\u00e1 tratado a partir de v\u00e1rios aspectos, como o envelhecimento da popula\u00e7\u00e3o mundial, as pol\u00edticas p\u00fablicas de sa\u00fade, os idosos no contexto da migra\u00e7\u00e3o, tratamentos e pesquisa.<\/p>\n<p>Do Brasil, participa a Presidente da Federa\u00e7\u00e3o de Associa\u00e7\u00f5es M\u00e9dicas Cat\u00f3licas Latino-americanas (FAMCLAM), Dra. Maria Inez Linhares de Carvalho.<\/p>\n<p style=\"text-align: justify;\">\u00a0<\/p>\n<p style=\"text-align: justify;\"><strong>Local: Cidade do Vaticano<br \/>Fonte: R\u00e1dio Vaticano<\/strong><\/p>\n","protected":false},"excerpt":{"rendered":"<p>\u201cA Igreja a servi\u00e7o do idoso enfermo\u201d \u00e9 o tema da 28\u00aa Confer\u00eancia Internacional do Pontif\u00edcio Conselho da Pastoral para os Agentes de Sa\u00fade, que tem in\u00edcio esta quinta-feira, no Vaticano. At\u00e9 s\u00e1bado, especialistas de todo o mundo debater\u00e3o a pastoral da Igreja junto aos idosos que sofrem de doen\u00e7as neurodegenerativas. A abertura foi feita [&hellip;]<\/p>\n","protected":false},"author":1,"featured_media":0,"comment_status":"closed","ping_status":"closed","sticky":false,"template":"","format":"standard","meta":{"footnotes":""},"categories":[3],"tags":[],"class_list":["post-3465","post","type-post","status-publish","format-standard","hentry","category-vaticano"],"_links":{"self":[{"href":"https:\/\/catolicanet.net\/wp-cnet\/wp-json\/wp\/v2\/posts\/3465","targetHints":{"allow":["GET"]}}],"collection":[{"href":"https:\/\/catolicanet.net\/wp-cnet\/wp-json\/wp\/v2\/posts"}],"about":[{"href":"https:\/\/catolicanet.net\/wp-cnet\/wp-json\/wp\/v2\/types\/post"}],"author":[{"embeddable":true,"href":"https:\/\/catolicanet.net\/wp-cnet\/wp-json\/wp\/v2\/users\/1"}],"replies":[{"embeddable":true,"href":"https:\/\/catolicanet.net\/wp-cnet\/wp-json\/wp\/v2\/comments?post=3465"}],"version-history":[{"count":1,"href":"https:\/\/catolicanet.net\/wp-cnet\/wp-json\/wp\/v2\/posts\/3465\/revisions"}],"predecessor-version":[{"id":7860,"href":"https:\/\/catolicanet.net\/wp-cnet\/wp-json\/wp\/v2\/posts\/3465\/revisions\/7860"}],"wp:attachment":[{"href":"https:\/\/catolicanet.net\/wp-cnet\/wp-json\/wp\/v2\/media?parent=3465"}],"wp:term":[{"taxonomy":"category","embeddable":true,"href":"https:\/\/catolicanet.net\/wp-cnet\/wp-json\/wp\/v2\/categories?post=3465"},{"taxonomy":"post_tag","embeddable":true,"href":"https:\/\/catolicanet.net\/wp-cnet\/wp-json\/wp\/v2\/tags?post=3465"}],"curies":[{"name":"wp","href":"https:\/\/api.w.org\/{rel}","templated":true}]}}