{"id":3461,"date":"2013-11-19T17:41:37","date_gmt":"2013-11-19T19:41:37","guid":{"rendered":"http:\/\/catolicanet.net\/wp-cnet\/patriarca-sako-iraque-ainda-fonte-de-preocupacao\/"},"modified":"2017-03-24T09:59:12","modified_gmt":"2017-03-24T12:59:12","slug":"patriarca-sako-iraque-ainda-fonte-de-preocupacao","status":"publish","type":"post","link":"https:\/\/catolicanet.net\/wp-cnet\/patriarca-sako-iraque-ainda-fonte-de-preocupacao\/","title":{"rendered":"Patriarca Sako: Iraque ainda fonte de preocupa\u00e7\u00e3o"},"content":{"rendered":"<p style=\"text-align: justify;\">A realidade iraquiana \u00e9 ainda fonte de \u201cpreocupa\u00e7\u00e3o\u201d e nos \u00faltimos meses a situa\u00e7\u00e3o no que diz respeito \u00e0 seguran\u00e7a \u201cpiorou\u201d; as divis\u00f5es por causas religiosas s\u00e3o cada vez mais n\u00edtidas, enquanto for\u00e7as \u201cregionais e internacionais\u201d alimentam as crescentes fragmenta\u00e7\u00f5es internas no pa\u00eds. Foi o que afirmou o Patriarca caldeu Dom Mar Louis Raphael I Sako, no discurso pronunciado no \u00faltimo domingo diante do Parlamento iraquiano por ocasi\u00e3o do Dia dos Direitos Humanos.<\/p>\n<p>O discurso do patriarca foi ocasi\u00e3o de encontro e confronto entre as v\u00e1rias almas da na\u00e7\u00e3o, para uma troca de ideais e projetos partindo do tema \u201cAs minorias no Iraque: realidade e ambi\u00e7\u00f5es\u201d. Dom Sako, \u2013 refere a ag\u00eancia AsiaNews \u2013 n\u00e3o deixou de sublinhar o crescimento exponencial \u201cdo extremismo com fundo religioso\u201d que atinge sobretudo os crist\u00e3os, Yazidi e Sabi (minoria concentrada no sul do Iraque).<\/p>\n<p>Ataques que levaram \u00e0 emigra\u00e7\u00e3o, fen\u00f4meno ao qual o patriarca sempre foi contr\u00e1rio \u2013 desde os tempos em que era arcebispo em Kirkuk \u2013 mas favorecido por algumas embaixadas estrangeiras. \u201cUm fen\u00f4meno \u2013 afirma \u2013 que acaba por empobrecer a na\u00e7\u00e3o\u201d.<\/p>\n<p>Descrevendo a \u201crealidade\u201d atual, o patriarca caldeu aponta o dedo contra \u201ca cultura da Maioria e da Minoria\u201d que ele v\u00ea como \u201cfal\u00eancia\u201d, enquanto se refere a um \u00e2mbito pol\u00edtico que comporta aspectos \u201cde exclus\u00e3o e de marginaliza\u00e7\u00e3o\u201d.<\/p>\n<p>Comprometido em Roma nos pr\u00f3ximos dias com a assembleia das Igrejas orientais, Dom Sako, evidencia alguns pontos essenciais para a reconstru\u00e7\u00e3o do pa\u00eds. Partindo, antes de tudo, do papel \u201c\u00fanico e insubstitu\u00edvel\u201d das autoridades religiosos \u201cna uni\u00e3o do povo\u201d.<\/p>\n<p>Os v\u00e1rios grupos adverte o patriarca, devem \u201ctrabalhar juntos para promover uma cultura do di\u00e1logo e da paz de modo tang\u00edvel\u201d, visando tamb\u00e9m o \u201creconhecimento rec\u00edproco\u201d.<\/p>\n<p>Dom Sako olha tamb\u00e9m para o governo, para os departamentos e para os escrit\u00f3rios administrativos que devem estar unidos e colaborar \u201cpara fornecer seguran\u00e7a, prote\u00e7\u00e3o e liberdade aos cidad\u00e3os e \u00e0s v\u00e1rias etnias\u201d. Devem ser tamb\u00e9m garantes de \u201creconcilia\u00e7\u00e3o e coes\u00e3o social\u201d. Porque a \u201ccultura da paz\u201d adverte o patriarca, \u00e9 tamb\u00e9m fruto do \u201ccuidado rec\u00edproco\u201d, entre as pessoas, do \u201cdi\u00e1logo e da confian\u00e7a\u201d.<\/p>\n<p>Ele convida cada um a assumir \u201cas suas responsabilidades na constru\u00e7\u00e3o de pontes ao inv\u00e9s de muros\u201d e a adotar um \u201cdi\u00e1logo equilibrado, aberto a todos e pronto a resolver os problemas\u201d para que todos os habitantes do Iraque possam se sentir \u201cparte de uma \u00fanica fam\u00edlia\u201d.<\/p>\n<p style=\"text-align: justify;\"><strong><br \/><\/strong><\/p>\n<p style=\"text-align: justify;\"><strong>Local: Bagd\u00e1<br \/>Fonte: R\u00e1dio Vaticano<\/strong><\/p>\n","protected":false},"excerpt":{"rendered":"<p>A realidade iraquiana \u00e9 ainda fonte de \u201cpreocupa\u00e7\u00e3o\u201d e nos \u00faltimos meses a situa\u00e7\u00e3o no que diz respeito \u00e0 seguran\u00e7a \u201cpiorou\u201d; as divis\u00f5es por causas religiosas s\u00e3o cada vez mais n\u00edtidas, enquanto for\u00e7as \u201cregionais e internacionais\u201d alimentam as crescentes fragmenta\u00e7\u00f5es internas no pa\u00eds. Foi o que afirmou o Patriarca caldeu Dom Mar Louis Raphael I [&hellip;]<\/p>\n","protected":false},"author":1,"featured_media":0,"comment_status":"closed","ping_status":"closed","sticky":false,"template":"","format":"standard","meta":{"footnotes":""},"categories":[3],"tags":[],"class_list":["post-3461","post","type-post","status-publish","format-standard","hentry","category-vaticano"],"_links":{"self":[{"href":"https:\/\/catolicanet.net\/wp-cnet\/wp-json\/wp\/v2\/posts\/3461","targetHints":{"allow":["GET"]}}],"collection":[{"href":"https:\/\/catolicanet.net\/wp-cnet\/wp-json\/wp\/v2\/posts"}],"about":[{"href":"https:\/\/catolicanet.net\/wp-cnet\/wp-json\/wp\/v2\/types\/post"}],"author":[{"embeddable":true,"href":"https:\/\/catolicanet.net\/wp-cnet\/wp-json\/wp\/v2\/users\/1"}],"replies":[{"embeddable":true,"href":"https:\/\/catolicanet.net\/wp-cnet\/wp-json\/wp\/v2\/comments?post=3461"}],"version-history":[{"count":1,"href":"https:\/\/catolicanet.net\/wp-cnet\/wp-json\/wp\/v2\/posts\/3461\/revisions"}],"predecessor-version":[{"id":7867,"href":"https:\/\/catolicanet.net\/wp-cnet\/wp-json\/wp\/v2\/posts\/3461\/revisions\/7867"}],"wp:attachment":[{"href":"https:\/\/catolicanet.net\/wp-cnet\/wp-json\/wp\/v2\/media?parent=3461"}],"wp:term":[{"taxonomy":"category","embeddable":true,"href":"https:\/\/catolicanet.net\/wp-cnet\/wp-json\/wp\/v2\/categories?post=3461"},{"taxonomy":"post_tag","embeddable":true,"href":"https:\/\/catolicanet.net\/wp-cnet\/wp-json\/wp\/v2\/tags?post=3461"}],"curies":[{"name":"wp","href":"https:\/\/api.w.org\/{rel}","templated":true}]}}