{"id":34590,"date":"2017-08-11T16:13:42","date_gmt":"2017-08-11T19:13:42","guid":{"rendered":"http:\/\/catolicanet.net\/wp-cnet\/?p=34590"},"modified":"2017-08-14T10:59:53","modified_gmt":"2017-08-14T13:59:53","slug":"agentes-do-governo-atacaram-casa-de-religiosas-idosas-na-venezuela","status":"publish","type":"post","link":"https:\/\/catolicanet.net\/wp-cnet\/agentes-do-governo-atacaram-casa-de-religiosas-idosas-na-venezuela\/","title":{"rendered":"Agentes do governo atacaram casa de religiosas idosas na Venezuela"},"content":{"rendered":"<p style=\"text-align: justify;\">CARACAS, 11 Ago. 17 \/ 10:45 am (ACI).- O Arcebispo de Val\u00eancia (Venezuela), Dom Reinaldo de Prette, condenou o ataque e roubo que cerca de 30 homens, supostamente membros do servi\u00e7o de intelig\u00eancia do governo, cometeram contra a resid\u00eancia universit\u00e1ria que dirigem cinco religiosas idosas, as quais ficaram abaladas em seu estado de esp\u00edrito.<\/p>\n<p>O Prelado denunciou o ataque em uma carta dirigida ao Comiss\u00e1rio respons\u00e1vel do Servi\u00e7o Bolivariano de Intelig\u00eancia Nacional (SEBIN) no estado de Carabobo, Jos\u00e9 Mel\u00e9ndez.<\/p>\n<p>No texto, Dom del Prette assinalou que as Irm\u00e3s Religiosas de Cristo Rei informaram que na segunda-feira 7 \u00e0s 00h30 \u201cinvadiram violenta e rapidamente cerca de 30 homens e uma mulher, supostamente membros desse Corpo de Seguran\u00e7a do Estado, na Resid\u00eancia Universit\u00e1ria \u2018Cristo Rey\u2019\u201d, administrada h\u00e1 mais de 50 anos por esta comunidade religiosa.<\/p>\n<p>\u201cEsta a\u00e7\u00e3o violenta, sem nenhuma ordem de visita domiciliar emitida por um Tribunal, causou ansiedade, ang\u00fastia, temor e medo nas cinco religiosas idosas que estavam no local. At\u00e9 agora continuam abaladas em seu estado de esp\u00edrito\u201d, denunciou o Prelado em sua carta do dia 8 de agosto e divulgada na quinta-feira na conta de Facebook do Episcopado venezuelano.<\/p>\n<p>Segundo informou a imprensa local, o SEBIN invadiu a resid\u00eancia das religiosas supostamente \u00e0 procura de armas. A mesma opera\u00e7\u00e3o foi repetida no Pol\u00edgono da Associa\u00e7\u00e3o Carabobenha de Tiro e na fazenda familiar San Luis, no munic\u00edpio Libertador, onde prenderam duas pessoas.<\/p>\n<p>O Arcebispo condenou esta invas\u00e3o, disse que \u00e9 \u201cum ultraje que n\u00e3o duvido em classificar como torpe e contradiz muito de uma Institui\u00e7\u00e3o de Seguran\u00e7a P\u00fablica respons\u00e1vel pelo trabalho de intelig\u00eancia, pois, demonstraram muito pouca intelig\u00eancia e falta de bom senso na invas\u00e3o desta resid\u00eancia, onde vivem religiosas idosas\u201d.<\/p>\n<p>Indicou que durante o assalto \u201cesses funcion\u00e1rios confiscaram equipamentos de seguran\u00e7a da resid\u00eancia, como um DVR, um computador que pertence a uma das religiosas, o disco r\u00edgido que estava na recep\u00e7\u00e3o da resid\u00eancia e um roteador (Wifi)\u201d.<\/p>\n<p>\u201cEspero que tais equipamentos sejam devolvidos imediatamente \u00e0 resid\u00eancia de onde eles foram retirados\u201d, expressou.<\/p>\n<p>O ataque ocorreu um dia depois que um grupo liderado pelo capit\u00e3o foragido da Guarda Nacional Bolivariana (GNB), Juan Caguaripano, entrou no quartel Paramacay e divulgou um v\u00eddeo nas redes sociais chamando a ignorar \u201ca tirania assassina de Nicol\u00e1s Maduro\u201d.<\/p>\n<p>O militar, que em 2014 j\u00e1 tinha tentado realizar um golpe contra Maduro, est\u00e1 foragido desde aquele ano. Na quinta-feira, 10 de agosto, o Tribunal Militar Sexto de Controle de Valencia emitiu um mandado de pris\u00e3o contra Caguaripano.<\/p>\n<p>O governo classificou esta a\u00e7\u00e3o de ataque terrorista e garantiu que prendeu oito supostos membros do grupo, dois morreram e outros dez fugiram. Segundo a imprensa, os homens de Caguaripano pegaram as armas do quartel, entretanto, informou nesta quinta-feira que algumas destas armas foram recuperadas.<\/p>\n<p>Na \u00faltima quarta-feira \u00e0 noite, outro grupo de homens, encapuzados e armados que diziam ser \u201cprofissionais militares e policiais ativos e aposentados\u201d, divulgou um v\u00eddeo nas redes sociais anunciando que se unem \u00e0 Opera\u00e7\u00e3o David recuperar Venezuela convocada por Caguaripano.<\/p>\n<p style=\"text-align: justify;\">Fonte: Acidigital<\/p>\n","protected":false},"excerpt":{"rendered":"<p>CARACAS, 11 Ago. 17 \/ 10:45 am (ACI).- O Arcebispo de Val\u00eancia (Venezuela), Dom Reinaldo de Prette, condenou o ataque e roubo que cerca de 30 homens, supostamente membros do servi\u00e7o de intelig\u00eancia do governo, cometeram contra a resid\u00eancia universit\u00e1ria que dirigem cinco religiosas idosas, as quais ficaram abaladas em seu estado de esp\u00edrito. O [&hellip;]<\/p>\n","protected":false},"author":1,"featured_media":34591,"comment_status":"open","ping_status":"closed","sticky":false,"template":"","format":"standard","meta":{"footnotes":""},"categories":[4],"tags":[],"class_list":["post-34590","post","type-post","status-publish","format-standard","has-post-thumbnail","hentry","category-cotidiano"],"_links":{"self":[{"href":"https:\/\/catolicanet.net\/wp-cnet\/wp-json\/wp\/v2\/posts\/34590","targetHints":{"allow":["GET"]}}],"collection":[{"href":"https:\/\/catolicanet.net\/wp-cnet\/wp-json\/wp\/v2\/posts"}],"about":[{"href":"https:\/\/catolicanet.net\/wp-cnet\/wp-json\/wp\/v2\/types\/post"}],"author":[{"embeddable":true,"href":"https:\/\/catolicanet.net\/wp-cnet\/wp-json\/wp\/v2\/users\/1"}],"replies":[{"embeddable":true,"href":"https:\/\/catolicanet.net\/wp-cnet\/wp-json\/wp\/v2\/comments?post=34590"}],"version-history":[{"count":2,"href":"https:\/\/catolicanet.net\/wp-cnet\/wp-json\/wp\/v2\/posts\/34590\/revisions"}],"predecessor-version":[{"id":34594,"href":"https:\/\/catolicanet.net\/wp-cnet\/wp-json\/wp\/v2\/posts\/34590\/revisions\/34594"}],"wp:featuredmedia":[{"embeddable":true,"href":"https:\/\/catolicanet.net\/wp-cnet\/wp-json\/wp\/v2\/media\/34591"}],"wp:attachment":[{"href":"https:\/\/catolicanet.net\/wp-cnet\/wp-json\/wp\/v2\/media?parent=34590"}],"wp:term":[{"taxonomy":"category","embeddable":true,"href":"https:\/\/catolicanet.net\/wp-cnet\/wp-json\/wp\/v2\/categories?post=34590"},{"taxonomy":"post_tag","embeddable":true,"href":"https:\/\/catolicanet.net\/wp-cnet\/wp-json\/wp\/v2\/tags?post=34590"}],"curies":[{"name":"wp","href":"https:\/\/api.w.org\/{rel}","templated":true}]}}