{"id":3459,"date":"2013-11-19T16:22:22","date_gmt":"2013-11-19T18:22:22","guid":{"rendered":"http:\/\/catolicanet.net\/wp-cnet\/as-igrejas-catolicas-orientais-unidas-a-roma\/"},"modified":"2017-03-24T10:03:30","modified_gmt":"2017-03-24T13:03:30","slug":"as-igrejas-catolicas-orientais-unidas-a-roma","status":"publish","type":"post","link":"https:\/\/catolicanet.net\/wp-cnet\/as-igrejas-catolicas-orientais-unidas-a-roma\/","title":{"rendered":"As Igrejas Cat\u00f3licas Orientais unidas a Roma"},"content":{"rendered":"<p style=\"text-align: justify;\"><img decoding=\"async\" src=\"http:\/\/catolicanet.com.br\/images\/stories\/catolicosorientais.jpg\" border=\"0\" align=\"left\" \/>Teve in\u00edcio nesta ter\u00e7a-feira (19), no Vaticano, a Plen\u00e1ria da Congrega\u00e7\u00e3o para as Igrejas Orientais. At\u00e9 sexta-feira, os participantes debater\u00e3o a situa\u00e7\u00e3o dos crist\u00e3os orientais com refer\u00eancia a tr\u00eas \u00e1reas: o Oriente M\u00e9dio, a Europa Oriental e a \u00cdndia, e as respectivas comunidades da di\u00e1spora.<\/p>\n<p>A Plen\u00e1ria foi inaugurada pelo Prefeito da Congrega\u00e7\u00e3o, Cardeal Leonardo Sandri, que presidiu a concelebra\u00e7\u00e3o Eucar\u00edstica. No final da manh\u00e3, o Papa Francisco recebeu em audi\u00eancia todos os membros da Plen\u00e1ria.<\/p>\n<p>Em v\u00e1rias \u00e9pocas, ap\u00f3s o Conc\u00edlio de Calced\u00f4nia (451) e ap\u00f3s o Grande Cisma de 1054, verificaram-se tentativas de encontros e contatos entre as Igrejas separadas (II Conc\u00edlio de Lyon, 1274 e Conc\u00edlio de Floren\u00e7a, 1438-39). As Igrejas Cat\u00f3licas Orientais, mesmo mantendo a sua pr\u00f3pria constitui\u00e7\u00e3o e espiritualidade, as particularidades do Direito Can\u00f4nico, a possibilidade do matrim\u00f4nio para o clero, os ritos e a liturgia pr\u00f3prios, reconheceram o primado do Papa.<\/p>\n<p>Esta condi\u00e7\u00e3o das Igrejas Cat\u00f3licas Orientais foi objeto de pol\u00eamicas e seguidamente influenciou negativamente o caminho ecum\u00eanico, pois eram acusadas de terem abandonado as suas Igrejas M\u00e3es, \u00e0s vezes tamb\u00e9m por quest\u00f5es pol\u00edticas. Elas, no entanto, se consideram a continua\u00e7\u00e3o normal de e grupos que, dentro das Igrejas Ortodoxas, sempre se sentiram em comunh\u00e3o com Roma. No seu interior, existem cinco ritos, segundo a tradi\u00e7\u00e3o lit\u00fargica: Rito Bizantino, Rito S\u00edrio-Oriental ou Caldeu, Rito S\u00edrio-Ocidental e Maronita, Rito Arm\u00eanio e Rito Alexandrino.<\/p>\n<p>Atualmente, na Igreja Cat\u00f3lica, al\u00e9m da Latina, existem 22 Igrejas \u2018sui iuris\u2019, pertencentes a estas cinco Tradi\u00e7\u00f5es Orientais (O Exarcado Apost\u00f3lico da S\u00e9rvia e Montenegro n\u00e3o est\u00e1 elencado no Anu\u00e1rio Pontif\u00edcio entre as Igrejas \u2018sui iuris\u2019, n\u00e3o obstante sejam consideradas como tal por alguns).<\/p>\n<p>As Igrejas de Tradi\u00e7\u00e3o Alexandrina s\u00e3o a Igreja Patriarcal Copta e a Igreja Metropolita sui iuris Eti\u00f3pica. As de Tradi\u00e7\u00e3o de Antioquia s\u00e3o a Igreja Patriarcal S\u00edria, a Igreja Patriarcal Maronita e a Igreja S\u00edrio Malankarese. J\u00e1 a Igreja Patriarcal Armena insere-se na Igreja de Tradi\u00e7\u00e3o Armena. Das Igrejas de Tradi\u00e7\u00e3o Cald\u00e9ia fazem parte a Igreja Patriarcal Cald\u00e9ia e a Igreja Arcebispal Maior S\u00edrio-Malabarense. As Igrejas de Tradi\u00e7\u00e3o Bizantina s\u00e3o a Igreja Patrialcal Melquita, a Igreja Arcebispal Maior Ucraniana, a Igreja Arcebispal Maior Romena, a Igreja Metropolitana sui iuris Rutena, a Igreja Metropolitana sui iuris Slovaca, a Igreja sui iuris Albanesa, a Igreja sui iuris Bielorussa, a Igreja sui iuris B\u00falgara, a Igreja Greco-Cat\u00f3lica sui iuri Croata, a Igreja sui iuri Grega, a Igreja sui iuris \u00cdtalo-Albanesa, a Igreja sui iuris Maced\u00f4nia, a Igreja sui iuri Russa e a Igreja sui iuris H\u00fangara.<\/p>\n<p style=\"text-align: justify;\">\u00a0<\/p>\n<p style=\"text-align: justify;\"><strong>Local: Cidade do Vaticano<br \/>Fonte: R\u00e1dio Vaticano<\/strong><\/p>\n","protected":false},"excerpt":{"rendered":"<p>Teve in\u00edcio nesta ter\u00e7a-feira (19), no Vaticano, a Plen\u00e1ria da Congrega\u00e7\u00e3o para as Igrejas Orientais. At\u00e9 sexta-feira, os participantes debater\u00e3o a situa\u00e7\u00e3o dos crist\u00e3os orientais com refer\u00eancia a tr\u00eas \u00e1reas: o Oriente M\u00e9dio, a Europa Oriental e a \u00cdndia, e as respectivas comunidades da di\u00e1spora. A Plen\u00e1ria foi inaugurada pelo Prefeito da Congrega\u00e7\u00e3o, Cardeal Leonardo [&hellip;]<\/p>\n","protected":false},"author":1,"featured_media":0,"comment_status":"closed","ping_status":"closed","sticky":false,"template":"","format":"standard","meta":{"footnotes":""},"categories":[3],"tags":[],"class_list":["post-3459","post","type-post","status-publish","format-standard","hentry","category-vaticano"],"_links":{"self":[{"href":"https:\/\/catolicanet.net\/wp-cnet\/wp-json\/wp\/v2\/posts\/3459","targetHints":{"allow":["GET"]}}],"collection":[{"href":"https:\/\/catolicanet.net\/wp-cnet\/wp-json\/wp\/v2\/posts"}],"about":[{"href":"https:\/\/catolicanet.net\/wp-cnet\/wp-json\/wp\/v2\/types\/post"}],"author":[{"embeddable":true,"href":"https:\/\/catolicanet.net\/wp-cnet\/wp-json\/wp\/v2\/users\/1"}],"replies":[{"embeddable":true,"href":"https:\/\/catolicanet.net\/wp-cnet\/wp-json\/wp\/v2\/comments?post=3459"}],"version-history":[{"count":1,"href":"https:\/\/catolicanet.net\/wp-cnet\/wp-json\/wp\/v2\/posts\/3459\/revisions"}],"predecessor-version":[{"id":7870,"href":"https:\/\/catolicanet.net\/wp-cnet\/wp-json\/wp\/v2\/posts\/3459\/revisions\/7870"}],"wp:attachment":[{"href":"https:\/\/catolicanet.net\/wp-cnet\/wp-json\/wp\/v2\/media?parent=3459"}],"wp:term":[{"taxonomy":"category","embeddable":true,"href":"https:\/\/catolicanet.net\/wp-cnet\/wp-json\/wp\/v2\/categories?post=3459"},{"taxonomy":"post_tag","embeddable":true,"href":"https:\/\/catolicanet.net\/wp-cnet\/wp-json\/wp\/v2\/tags?post=3459"}],"curies":[{"name":"wp","href":"https:\/\/api.w.org\/{rel}","templated":true}]}}