{"id":3456,"date":"2013-11-19T11:50:42","date_gmt":"2013-11-19T13:50:42","guid":{"rendered":"http:\/\/catolicanet.net\/wp-cnet\/cnbb-e-caritas-lancam-campanha-de-solidariedade-as-filipinas-apos-tufao\/"},"modified":"2017-03-24T10:05:37","modified_gmt":"2017-03-24T13:05:37","slug":"cnbb-e-caritas-lancam-campanha-de-solidariedade-as-filipinas-apos-tufao","status":"publish","type":"post","link":"https:\/\/catolicanet.net\/wp-cnet\/cnbb-e-caritas-lancam-campanha-de-solidariedade-as-filipinas-apos-tufao\/","title":{"rendered":"CNBB e C\u00e1ritas lan\u00e7am Campanha de Solidariedade \u00e0s Filipinas ap\u00f3s tuf\u00e3o"},"content":{"rendered":"<p style=\"text-align: justify;\"><img decoding=\"async\" src=\"http:\/\/catolicanet.com.br\/images\/stories\/caritasfilipinas.jpg\" border=\"0\" align=\"left\" \/>Ap\u00f3s passagem do tuf\u00e3o Hayian, que atingiu mais de 10 milh\u00f5es de pessoas, a Confer\u00eancia Nacional dos Bispos do Brasil (CNBB) e a C\u00e1ritas Brasileira divulgam Campanha de Solidariedade \u00e0s Filipinas.<\/p>\n<p>Em nota, a presid\u00eancia da CNBB e a C\u00e1ritas fazem um apelo \u00e0s comunidades para que participem da campanha. \u201cAs ajudas provenientes das entidades cat\u00f3licas de v\u00e1rias partes do mundo, e tamb\u00e9m do Brasil, est\u00e3o sob responsabilidade da C\u00e1ritas Internationalis, que conta com uma equipe de especialistas nos diversos locais atingidos, para ajudar nos trabalhos de socorro e recupera\u00e7\u00e3o das comunidades, em cada uma das 95 dioceses das Filipinas\u201d, afirmam.<\/p>\n<p>O relat\u00f3rio da C\u00e1ritas aponta as necessidades b\u00e1sicas e urgentes das fam\u00edlias atingidas pelo tuf\u00e3o, como \u00e1gua pot\u00e1vel, produtos de higiene e limpeza, alimentos e rem\u00e9dios.<\/p>\n<p>A CNBB e a C\u00e1ritas Brasileira agradecem a generosidade das par\u00f3quias, pastorais, entidades cat\u00f3licas, col\u00e9gios e de todas as pessoas que se mobilizam nesta a\u00e7\u00e3o de solidariedade.<\/p>\n<p>Somando a essas iniciativas, no pr\u00f3ximo domingo, 24, o papa Francisco presidir\u00e1 missa de encerramento do Ano da F\u00e9 e oferecer\u00e1 as coletas para ajudar as Filipinas, conforme anunciou o Vaticano, na segunda-feira, 18 de novembro.<\/p>\n<p>Os dep\u00f3sitos para ajudar as Filipinas poder\u00e3o ser efetuados nas contas da C\u00e1ritas: Banco do Brasil &#8211; Ag: 3475-4 &#8211; CC: 29368-7, Caixa Econ\u00f4mica Federal &#8211; Ag: 1041 &#8211; CC: 832-0 &#8211; Op. 003 e Bradesco &#8211; Ag: 0606 \u2013 CC: 66100-0.<\/p>\n<p style=\"text-align: justify;\">\u00a0<\/p>\n<p style=\"text-align: justify;\"><strong>Local: Filipinas<br \/>Fonte: CNBB<\/strong><\/p>\n","protected":false},"excerpt":{"rendered":"<p>Ap\u00f3s passagem do tuf\u00e3o Hayian, que atingiu mais de 10 milh\u00f5es de pessoas, a Confer\u00eancia Nacional dos Bispos do Brasil (CNBB) e a C\u00e1ritas Brasileira divulgam Campanha de Solidariedade \u00e0s Filipinas. Em nota, a presid\u00eancia da CNBB e a C\u00e1ritas fazem um apelo \u00e0s comunidades para que participem da campanha. \u201cAs ajudas provenientes das entidades [&hellip;]<\/p>\n","protected":false},"author":1,"featured_media":0,"comment_status":"closed","ping_status":"closed","sticky":false,"template":"","format":"standard","meta":{"footnotes":""},"categories":[7],"tags":[],"class_list":["post-3456","post","type-post","status-publish","format-standard","hentry","category-cnbb"],"_links":{"self":[{"href":"https:\/\/catolicanet.net\/wp-cnet\/wp-json\/wp\/v2\/posts\/3456","targetHints":{"allow":["GET"]}}],"collection":[{"href":"https:\/\/catolicanet.net\/wp-cnet\/wp-json\/wp\/v2\/posts"}],"about":[{"href":"https:\/\/catolicanet.net\/wp-cnet\/wp-json\/wp\/v2\/types\/post"}],"author":[{"embeddable":true,"href":"https:\/\/catolicanet.net\/wp-cnet\/wp-json\/wp\/v2\/users\/1"}],"replies":[{"embeddable":true,"href":"https:\/\/catolicanet.net\/wp-cnet\/wp-json\/wp\/v2\/comments?post=3456"}],"version-history":[{"count":1,"href":"https:\/\/catolicanet.net\/wp-cnet\/wp-json\/wp\/v2\/posts\/3456\/revisions"}],"predecessor-version":[{"id":7873,"href":"https:\/\/catolicanet.net\/wp-cnet\/wp-json\/wp\/v2\/posts\/3456\/revisions\/7873"}],"wp:attachment":[{"href":"https:\/\/catolicanet.net\/wp-cnet\/wp-json\/wp\/v2\/media?parent=3456"}],"wp:term":[{"taxonomy":"category","embeddable":true,"href":"https:\/\/catolicanet.net\/wp-cnet\/wp-json\/wp\/v2\/categories?post=3456"},{"taxonomy":"post_tag","embeddable":true,"href":"https:\/\/catolicanet.net\/wp-cnet\/wp-json\/wp\/v2\/tags?post=3456"}],"curies":[{"name":"wp","href":"https:\/\/api.w.org\/{rel}","templated":true}]}}