{"id":34532,"date":"2017-08-10T16:20:58","date_gmt":"2017-08-10T19:20:58","guid":{"rendered":"http:\/\/catolicanet.net\/wp-cnet\/?p=34532"},"modified":"2017-08-11T11:24:51","modified_gmt":"2017-08-11T14:24:51","slug":"eleicoes-no-chile-encontro-privado-do-papa-sera-com-presidente-em-exercicio","status":"publish","type":"post","link":"https:\/\/catolicanet.net\/wp-cnet\/eleicoes-no-chile-encontro-privado-do-papa-sera-com-presidente-em-exercicio\/","title":{"rendered":"Elei\u00e7\u00f5es no Chile: encontro privado do Papa ser\u00e1 com Presidente em exerc\u00edcio"},"content":{"rendered":"<p style=\"text-align: justify;\">Santiago (RV) \u2013 Quando o Papa Francisco visitar o Chile de 15 a 18 em janeiro de 2018, os chilenos j\u00e1 ter\u00e3o escolhido seu novo Presidente, que assumir\u00e1 o cargo apenas em mar\u00e7o.<\/p>\n<p>Como surgiram d\u00favidas em rela\u00e7\u00e3o \u00e0s reuni\u00f5es que o Pont\u00edfice ter\u00e1 com as m\u00e1ximas autoridades do Governo, a encarregada das comunica\u00e7\u00f5es do Governo para a visita papal Hayd\u00e9e Rojas, esclareceu que o Vaticano estabelece um Protocolo para as visitas de Estado:<\/p>\n<p>\u201cNos informaram que o Protocolo do Vaticano estabelece que o Presidente eleito \u00e9 convidado ao La Moneda junto com os outros poderes, por\u00e9m, a reuni\u00e3o privada \u00e9 do Papa com o Presidente em exerc\u00edcio\u201d, afirmou a porta-voz.<\/p>\n<p>O primeiro turno das elei\u00e7\u00f5es no Chile ser\u00e1 em 10 de novembro e o segundo, se houver, em 17 de dezembro. Assim, explicou Rojas, o eleito poder\u00e1 participar do encontro no Pal\u00e1cio La Moneda, por\u00e9m apenas Michelle Bachelet se reunir\u00e1 de forma privada com o Papa.<\/p>\n<p>O novo Presidente chileno tomar\u00e1 posse em 11 de mar\u00e7o de 2018.<\/p>\n<p style=\"text-align: justify;\">Fonte: R\u00e1dio Vaticano<\/p>\n","protected":false},"excerpt":{"rendered":"<p>Santiago (RV) \u2013 Quando o Papa Francisco visitar o Chile de 15 a 18 em janeiro de 2018, os chilenos j\u00e1 ter\u00e3o escolhido seu novo Presidente, que assumir\u00e1 o cargo apenas em mar\u00e7o. Como surgiram d\u00favidas em rela\u00e7\u00e3o \u00e0s reuni\u00f5es que o Pont\u00edfice ter\u00e1 com as m\u00e1ximas autoridades do Governo, a encarregada das comunica\u00e7\u00f5es do [&hellip;]<\/p>\n","protected":false},"author":1,"featured_media":34534,"comment_status":"open","ping_status":"closed","sticky":false,"template":"","format":"standard","meta":{"footnotes":""},"categories":[3],"tags":[],"class_list":["post-34532","post","type-post","status-publish","format-standard","has-post-thumbnail","hentry","category-vaticano"],"_links":{"self":[{"href":"https:\/\/catolicanet.net\/wp-cnet\/wp-json\/wp\/v2\/posts\/34532","targetHints":{"allow":["GET"]}}],"collection":[{"href":"https:\/\/catolicanet.net\/wp-cnet\/wp-json\/wp\/v2\/posts"}],"about":[{"href":"https:\/\/catolicanet.net\/wp-cnet\/wp-json\/wp\/v2\/types\/post"}],"author":[{"embeddable":true,"href":"https:\/\/catolicanet.net\/wp-cnet\/wp-json\/wp\/v2\/users\/1"}],"replies":[{"embeddable":true,"href":"https:\/\/catolicanet.net\/wp-cnet\/wp-json\/wp\/v2\/comments?post=34532"}],"version-history":[{"count":2,"href":"https:\/\/catolicanet.net\/wp-cnet\/wp-json\/wp\/v2\/posts\/34532\/revisions"}],"predecessor-version":[{"id":34536,"href":"https:\/\/catolicanet.net\/wp-cnet\/wp-json\/wp\/v2\/posts\/34532\/revisions\/34536"}],"wp:featuredmedia":[{"embeddable":true,"href":"https:\/\/catolicanet.net\/wp-cnet\/wp-json\/wp\/v2\/media\/34534"}],"wp:attachment":[{"href":"https:\/\/catolicanet.net\/wp-cnet\/wp-json\/wp\/v2\/media?parent=34532"}],"wp:term":[{"taxonomy":"category","embeddable":true,"href":"https:\/\/catolicanet.net\/wp-cnet\/wp-json\/wp\/v2\/categories?post=34532"},{"taxonomy":"post_tag","embeddable":true,"href":"https:\/\/catolicanet.net\/wp-cnet\/wp-json\/wp\/v2\/tags?post=34532"}],"curies":[{"name":"wp","href":"https:\/\/api.w.org\/{rel}","templated":true}]}}