{"id":3453,"date":"2013-11-19T11:21:58","date_gmt":"2013-11-19T13:21:58","guid":{"rendered":"http:\/\/catolicanet.net\/wp-cnet\/qavos-tesouro-para-a-sociedadeq-a-homilia-do-papa\/"},"modified":"2017-03-24T10:06:49","modified_gmt":"2017-03-24T13:06:49","slug":"qavos-tesouro-para-a-sociedadeq-a-homilia-do-papa","status":"publish","type":"post","link":"https:\/\/catolicanet.net\/wp-cnet\/qavos-tesouro-para-a-sociedadeq-a-homilia-do-papa\/","title":{"rendered":"&#8220;Av\u00f3s, tesouro para a sociedade&#8221;: a homilia do Papa"},"content":{"rendered":"<p style=\"text-align: justify;\"><img decoding=\"async\" src=\"http:\/\/catolicanet.com.br\/images\/stories\/papanohomilia.jpg\" border=\"0\" align=\"left\" \/>\u201cUm povo que n\u00e3o respeita os av\u00f3s \u00e9 um povo sem mem\u00f3ria e consequentemente, sem futuro\u201d. Este foi o ensinamento proposto pelo Papa Francisco na homilia da missa celebrada na manh\u00e3 de ter\u00e7a-feira, 19, na Casa Santa Marta.<\/p>\n<p>O Papa comentou o epis\u00f3dio b\u00edblico de Eleazar, o idoso que optou pelo mart\u00edrio em coer\u00eancia com sua f\u00e9 em Deus e para dar um testemunho de retid\u00e3o aos jovens. Diante da escolha entre a apostasia e a fidelidade, n\u00e3o teve d\u00favidas e pensou que seu gesto de coragem poderia ser um exemplo para os mais jovens:<br \/><strong><br \/>\u201cVivemos numa \u00e9poca em que os idosos n\u00e3o contam. \u00c9 triste admitir, mas n\u00f3s os \u2018descartamos\u2019 porque incomodam. Os idosos nos trazem a hist\u00f3ria, nos transmitem a doutrina, nos mostram a f\u00e9 e a deixam como heran\u00e7a. Como um bom vinho envelhecido, t\u00eam uma for\u00e7a interior que nos propicia uma nobre heran\u00e7a\u201d.<\/strong><\/p>\n<p>Papa Francisco contou aos presentes que quando era pequeno ouviu a hist\u00f3ria de uma fam\u00edlia de pai, m\u00e3e, filhos e um av\u00f4, que quanto tomava sopa, se sujava. Incomodado, o pai comprou uma mesinha para que o idoso passasse a comer sozinho. Ao voltar a casa, \u00e0 noite, este pai encontrou seu filho construindo uma mesinha de madeira. O menino lhe explicou que ela serviria ao pai, para quando envelhecesse como o av\u00f4.<\/p>\n<p><strong>\u201cEsta hist\u00f3ria sempre me fez t\u00e3o bem, toda a vida. Os av\u00f3s s\u00e3o um tesouro. A mem\u00f3ria de nossos antepassados leva \u00e0 imita\u00e7\u00e3o da f\u00e9. A velhice \u00e0s vezes \u00e9 feia por causa das doen\u00e7as e de todo o resto, mas a sabedoria de nossos av\u00f3s \u00e9 a heran\u00e7a que recebemos. Um povo que n\u00e3o resguarda e n\u00e3o os respeita os av\u00f3s n\u00e3o tem futuro porque perde a mem\u00f3ria\u201d.<\/strong><\/p>\n<p>Enfim, o Papa Francisco recomendou que pensemos nos idosos e idosas que moram em casas de repouso e tamb\u00e9m nos muitos anci\u00e3os que foram abandonados por suas fam\u00edlias. \u201cEles s\u00e3o um tesouro para nossa sociedade\u201d, frisou, pedindo:<\/p>\n<p><strong>\u201cRezemos por nossos av\u00f3s e av\u00f4s que muitas vezes tiveram um papel her\u00f3ico na transmiss\u00e3o da f\u00e9 em tempos de persegui\u00e7\u00e3o. Quando nossos pais n\u00e3o estavam em casa, ou tinham id\u00e9ias estranhas como as que a pol\u00edtica ensinava naquela \u00e9poca, foram as av\u00f3s a nos transmitir a f\u00e9. O quarto mandamento, lembrou o Papa, \u00e9 o \u00fanico que promete algo em troca: \u00e9 o mandamento da piedade. Pe\u00e7amos hoje aos velhos Santos Sim\u00e3o, Ana, Policarpo e Eleazar a gra\u00e7a de proteger, escutar e venerar os nossos antepassados, nossos av\u00f3s\u201d.<\/strong><\/p>\n<p style=\"text-align: justify;\">\u00a0<\/p>\n<p style=\"text-align: justify;\"><strong>Local: Cidade do Vaticano<br \/>Fonte: R\u00e1dio Vaticano<\/strong><\/p>\n","protected":false},"excerpt":{"rendered":"<p>\u201cUm povo que n\u00e3o respeita os av\u00f3s \u00e9 um povo sem mem\u00f3ria e consequentemente, sem futuro\u201d. Este foi o ensinamento proposto pelo Papa Francisco na homilia da missa celebrada na manh\u00e3 de ter\u00e7a-feira, 19, na Casa Santa Marta. O Papa comentou o epis\u00f3dio b\u00edblico de Eleazar, o idoso que optou pelo mart\u00edrio em coer\u00eancia com [&hellip;]<\/p>\n","protected":false},"author":1,"featured_media":0,"comment_status":"closed","ping_status":"closed","sticky":false,"template":"","format":"standard","meta":{"footnotes":""},"categories":[3],"tags":[],"class_list":["post-3453","post","type-post","status-publish","format-standard","hentry","category-vaticano"],"_links":{"self":[{"href":"https:\/\/catolicanet.net\/wp-cnet\/wp-json\/wp\/v2\/posts\/3453","targetHints":{"allow":["GET"]}}],"collection":[{"href":"https:\/\/catolicanet.net\/wp-cnet\/wp-json\/wp\/v2\/posts"}],"about":[{"href":"https:\/\/catolicanet.net\/wp-cnet\/wp-json\/wp\/v2\/types\/post"}],"author":[{"embeddable":true,"href":"https:\/\/catolicanet.net\/wp-cnet\/wp-json\/wp\/v2\/users\/1"}],"replies":[{"embeddable":true,"href":"https:\/\/catolicanet.net\/wp-cnet\/wp-json\/wp\/v2\/comments?post=3453"}],"version-history":[{"count":1,"href":"https:\/\/catolicanet.net\/wp-cnet\/wp-json\/wp\/v2\/posts\/3453\/revisions"}],"predecessor-version":[{"id":7876,"href":"https:\/\/catolicanet.net\/wp-cnet\/wp-json\/wp\/v2\/posts\/3453\/revisions\/7876"}],"wp:attachment":[{"href":"https:\/\/catolicanet.net\/wp-cnet\/wp-json\/wp\/v2\/media?parent=3453"}],"wp:term":[{"taxonomy":"category","embeddable":true,"href":"https:\/\/catolicanet.net\/wp-cnet\/wp-json\/wp\/v2\/categories?post=3453"},{"taxonomy":"post_tag","embeddable":true,"href":"https:\/\/catolicanet.net\/wp-cnet\/wp-json\/wp\/v2\/tags?post=3453"}],"curies":[{"name":"wp","href":"https:\/\/api.w.org\/{rel}","templated":true}]}}