{"id":34481,"date":"2017-08-08T00:00:22","date_gmt":"2017-08-08T03:00:22","guid":{"rendered":"http:\/\/catolicanet.net\/wp-cnet\/?p=34481"},"modified":"2017-08-10T15:07:19","modified_gmt":"2017-08-10T18:07:19","slug":"igreja-denuncia-que-este-lugar-do-mexico-e-a-cidade-do-eterno-tiroteio","status":"publish","type":"post","link":"https:\/\/catolicanet.net\/wp-cnet\/igreja-denuncia-que-este-lugar-do-mexico-e-a-cidade-do-eterno-tiroteio\/","title":{"rendered":"Igreja denuncia que este lugar do M\u00e9xico \u00e9 a \u201ccidade do eterno tiroteio\u201d"},"content":{"rendered":"<p style=\"text-align: justify;\">Cidade do M\u00e9xico, 08 Ago. 17 \/ 01:00 pm (ACI).- O seman\u00e1rio \u2018Desde la Fe\u2019, da Arquidiocese Primaz do M\u00e9xico, denunciou que Cuernavaca, no estado de Morelos, conhecida popularmente como \u201ca cidade da eterna primavera\u201d, tornou-se a \u201ccidade do eterno tiroteio\u201d, devido ao alto n\u00famero de crimes violentos que \u201cacontecem junto com a impunidade e a corrup\u00e7\u00e3o\u201d.<\/p>\n<p>No seu \u00faltimo editorial, intitulado \u201cMorelos, corrup\u00e7\u00e3o e decad\u00eancia\u201d, o seman\u00e1rio cat\u00f3lico recordou a Marcha por Morelos, uma mobiliza\u00e7\u00e3o que recentemente chegou de Cuernavaca ao Minist\u00e9rio do Interior na Cidade do M\u00e9xico, exigindo paz e luta contra a corrup\u00e7\u00e3o.<\/p>\n<p>A mobiliza\u00e7\u00e3o contou com o apoio do Bispo de Cuernavaca, Dom Ram\u00f3n Castro Castro, que foi v\u00edtima de distintas ofensas e amea\u00e7as das autoridades de Morelos.<\/p>\n<p>\u2018Desde la Fe\u2019 denunciou que o governo estadual do Partido da Revolu\u00e7\u00e3o Democr\u00e1tica (PRD) foi afetado pelas acusa\u00e7\u00f5es de corrup\u00e7\u00e3o, que colocam \u201cem causa as supostas conquistas ante a realidade de uma sociedade oprimida pela propaganda oficial sobre a redu\u00e7\u00e3o da delinqu\u00eancia; entretanto, a realidade \u00e9 diferente\u201d.<\/p>\n<p>\u201cDe acordo com o \u2018Sem\u00e1foro delictivo\u2019, uma ferramenta que monitora a taxa de criminalidade no M\u00e9xico, no estado de Morelos continua crescendo o n\u00famero de homic\u00eddios; no \u00faltimo m\u00eas de junho superou em 31% a m\u00e9dia nacional na comiss\u00e3o desse crime\u201d.<\/p>\n<p>O Seman\u00e1rio cat\u00f3lico da Arquidiocese do M\u00e9xico lamentou que \u201cna \u2018Cidade do Eterno Tiroteio\u2019, Cuernavaca, os respons\u00e1veis pela seguran\u00e7a denunciaram pelo menos 49 col\u00f4nias altamente perigosas, onde se cometem assaltos violentos, agress\u00f5es sexuais e homic\u00eddios, e a cidadania n\u00e3o denuncia por desconfian\u00e7a e frustra\u00e7\u00e3o\u201d.<\/p>\n<p>\u2018Desde la Fe\u2019 tamb\u00e9m criticou o governador de Morelos, Graco Ram\u00edrez, por violar as suas promessas de campanha.<\/p>\n<p>\u201cAo assumir o cargo, o governador realizou a firme promessa de impulsionar a revis\u00e3o do governo e a revoga\u00e7\u00e3o do mandato; entretanto, apesar das manifesta\u00e7\u00f5es e protestos, o presidente se adere \u00e0 cadeira como um trampolim lucrativo para as suas mais altas pretens\u00f5es pol\u00edticas\u201d, assinalou a publica\u00e7\u00e3o.<\/p>\n<p>Outros pontos cr\u00edticos nesse estado mexicano, assinalou o seman\u00e1rio, s\u00e3o o emprego e a pobreza, pois \u201cquatro de cada dez habitantes est\u00e3o desempregados\u201d e um estudo realizado em 2016 pelo Conselho Nacional de Avalia\u00e7\u00e3o da Pol\u00edtica de Desenvolvimento Social revelou que 52,3% da popula\u00e7\u00e3o de Morelos vive na pobreza.<\/p>\n<p style=\"text-align: justify;\">\n<p style=\"text-align: justify;\">Fonte: Acidigital<\/p>\n","protected":false},"excerpt":{"rendered":"<p>Cidade do M\u00e9xico, 08 Ago. 17 \/ 01:00 pm (ACI).- O seman\u00e1rio \u2018Desde la Fe\u2019, da Arquidiocese Primaz do M\u00e9xico, denunciou que Cuernavaca, no estado de Morelos, conhecida popularmente como \u201ca cidade da eterna primavera\u201d, tornou-se a \u201ccidade do eterno tiroteio\u201d, devido ao alto n\u00famero de crimes violentos que \u201cacontecem junto com a impunidade e [&hellip;]<\/p>\n","protected":false},"author":1,"featured_media":34482,"comment_status":"open","ping_status":"closed","sticky":false,"template":"","format":"standard","meta":{"footnotes":""},"categories":[4,13],"tags":[],"class_list":["post-34481","post","type-post","status-publish","format-standard","has-post-thumbnail","hentry","category-cotidiano","category-featured"],"_links":{"self":[{"href":"https:\/\/catolicanet.net\/wp-cnet\/wp-json\/wp\/v2\/posts\/34481","targetHints":{"allow":["GET"]}}],"collection":[{"href":"https:\/\/catolicanet.net\/wp-cnet\/wp-json\/wp\/v2\/posts"}],"about":[{"href":"https:\/\/catolicanet.net\/wp-cnet\/wp-json\/wp\/v2\/types\/post"}],"author":[{"embeddable":true,"href":"https:\/\/catolicanet.net\/wp-cnet\/wp-json\/wp\/v2\/users\/1"}],"replies":[{"embeddable":true,"href":"https:\/\/catolicanet.net\/wp-cnet\/wp-json\/wp\/v2\/comments?post=34481"}],"version-history":[{"count":1,"href":"https:\/\/catolicanet.net\/wp-cnet\/wp-json\/wp\/v2\/posts\/34481\/revisions"}],"predecessor-version":[{"id":34483,"href":"https:\/\/catolicanet.net\/wp-cnet\/wp-json\/wp\/v2\/posts\/34481\/revisions\/34483"}],"wp:featuredmedia":[{"embeddable":true,"href":"https:\/\/catolicanet.net\/wp-cnet\/wp-json\/wp\/v2\/media\/34482"}],"wp:attachment":[{"href":"https:\/\/catolicanet.net\/wp-cnet\/wp-json\/wp\/v2\/media?parent=34481"}],"wp:term":[{"taxonomy":"category","embeddable":true,"href":"https:\/\/catolicanet.net\/wp-cnet\/wp-json\/wp\/v2\/categories?post=34481"},{"taxonomy":"post_tag","embeddable":true,"href":"https:\/\/catolicanet.net\/wp-cnet\/wp-json\/wp\/v2\/tags?post=34481"}],"curies":[{"name":"wp","href":"https:\/\/api.w.org\/{rel}","templated":true}]}}