{"id":3448,"date":"2013-11-18T16:53:48","date_gmt":"2013-11-18T18:53:48","guid":{"rendered":"http:\/\/catolicanet.net\/wp-cnet\/eleicoes-em-honduras-cardeal-denuncia-campanha-de-terror-para-evitar-que-cidadaos-participem-do-pleito\/"},"modified":"2017-03-24T10:10:42","modified_gmt":"2017-03-24T13:10:42","slug":"eleicoes-em-honduras-cardeal-denuncia-campanha-de-terror-para-evitar-que-cidadaos-participem-do-pleito","status":"publish","type":"post","link":"https:\/\/catolicanet.net\/wp-cnet\/eleicoes-em-honduras-cardeal-denuncia-campanha-de-terror-para-evitar-que-cidadaos-participem-do-pleito\/","title":{"rendered":"Elei\u00e7\u00f5es em Honduras: Cardeal denuncia \u201ccampanha de terror\u201d para evitar que cidad\u00e3os participem do pleito"},"content":{"rendered":"<p style=\"text-align: justify;\"><img decoding=\"async\" src=\"http:\/\/catolicanet.com.br\/images\/stories\/campanhadoterror.jpg\" border=\"0\" align=\"left\" \/>O Arcebispo de Tegucigalpa, Card. Oscar Andr\u00e9s Rodr\u00edguez Maradiaga, convidou todos os hondurenhos a \u201cn\u00e3o terem medo\u201d e a exercerem maci\u00e7amente o direito ao voto nas elei\u00e7\u00f5es gerais do pr\u00f3ximo domingo, 24 de novembro.<\/p>\n<p>&#8220;N\u00e3o devemos ter medo porque Deus est\u00e1 conosco, tem muita gente que diz que n\u00e3o sair\u00e1 de casa no dia das elei\u00e7\u00f5es porque tem medo, mas porqu\u00ea?&#8221;, declarou o purpurado durante sua homilia dominical na Catedral de San Miguel, recordando que n\u00e3o os maus que devem temer, &#8220;porque chegar\u00e1 para eles o dia da justi\u00e7a&#8221;.<\/p>\n<p>Os fi\u00e9is cat\u00f3licos, recordou o Cardeal, devem exercer seu direito com &#8220;o cora\u00e7\u00e3o em Deus e a consci\u00eancia de escolher os melhores homens e mulheres que governar\u00e3o o pa\u00eds&#8221;.<\/p>\n<p>Para o Cardeal hondurenho, os com\u00edcios s\u00e3o &#8220;uma festa pol\u00edtica&#8221;, que contribuir\u00e1 para fomentar a democracia e n\u00e3o a viol\u00eancia, como pretendem &#8220;as pessoas m\u00e1s&#8221; que promovem uma campanha de medo para que as pessoas n\u00e3o se dirijam \u00e0s urnas.<\/p>\n<p>&#8220;Devemos deixar de lado o medo e sair com alegria porque quem ganhar\u00e1 ser\u00e1 Honduras&#8221;, enfatizou o Arcebispo de Tegucigalpa.<\/p>\n<p>No pleito participam, pela primeira, nove partidos, quatro deles criados depois da queda de Manuel Zelaya, em junho de 2009. Em 24 de novembro, ser\u00e3o eleitos em Honduras o presidente da Rep\u00fablica, tr\u00eas vice-presidentes e 128 deputados para o Congresso Nacional.<\/p>\n<p style=\"text-align: justify;\">\u00a0<\/p>\n<p style=\"text-align: justify;\"><strong>Local: Tegucigalpa<br \/>Fonte: R\u00e1dio Vaticano<\/strong><\/p>\n","protected":false},"excerpt":{"rendered":"<p>O Arcebispo de Tegucigalpa, Card. Oscar Andr\u00e9s Rodr\u00edguez Maradiaga, convidou todos os hondurenhos a \u201cn\u00e3o terem medo\u201d e a exercerem maci\u00e7amente o direito ao voto nas elei\u00e7\u00f5es gerais do pr\u00f3ximo domingo, 24 de novembro. &#8220;N\u00e3o devemos ter medo porque Deus est\u00e1 conosco, tem muita gente que diz que n\u00e3o sair\u00e1 de casa no dia das [&hellip;]<\/p>\n","protected":false},"author":1,"featured_media":0,"comment_status":"closed","ping_status":"closed","sticky":false,"template":"","format":"standard","meta":{"footnotes":""},"categories":[3],"tags":[],"class_list":["post-3448","post","type-post","status-publish","format-standard","hentry","category-vaticano"],"_links":{"self":[{"href":"https:\/\/catolicanet.net\/wp-cnet\/wp-json\/wp\/v2\/posts\/3448","targetHints":{"allow":["GET"]}}],"collection":[{"href":"https:\/\/catolicanet.net\/wp-cnet\/wp-json\/wp\/v2\/posts"}],"about":[{"href":"https:\/\/catolicanet.net\/wp-cnet\/wp-json\/wp\/v2\/types\/post"}],"author":[{"embeddable":true,"href":"https:\/\/catolicanet.net\/wp-cnet\/wp-json\/wp\/v2\/users\/1"}],"replies":[{"embeddable":true,"href":"https:\/\/catolicanet.net\/wp-cnet\/wp-json\/wp\/v2\/comments?post=3448"}],"version-history":[{"count":1,"href":"https:\/\/catolicanet.net\/wp-cnet\/wp-json\/wp\/v2\/posts\/3448\/revisions"}],"predecessor-version":[{"id":7881,"href":"https:\/\/catolicanet.net\/wp-cnet\/wp-json\/wp\/v2\/posts\/3448\/revisions\/7881"}],"wp:attachment":[{"href":"https:\/\/catolicanet.net\/wp-cnet\/wp-json\/wp\/v2\/media?parent=3448"}],"wp:term":[{"taxonomy":"category","embeddable":true,"href":"https:\/\/catolicanet.net\/wp-cnet\/wp-json\/wp\/v2\/categories?post=3448"},{"taxonomy":"post_tag","embeddable":true,"href":"https:\/\/catolicanet.net\/wp-cnet\/wp-json\/wp\/v2\/tags?post=3448"}],"curies":[{"name":"wp","href":"https:\/\/api.w.org\/{rel}","templated":true}]}}