{"id":34472,"date":"2017-08-09T00:00:36","date_gmt":"2017-08-09T03:00:36","guid":{"rendered":"http:\/\/catolicanet.net\/wp-cnet\/?p=34472"},"modified":"2017-08-10T14:48:50","modified_gmt":"2017-08-10T17:48:50","slug":"dia-dos-pais-semana-da-familia","status":"publish","type":"post","link":"https:\/\/catolicanet.net\/wp-cnet\/dia-dos-pais-semana-da-familia\/","title":{"rendered":"Dia dos Pais: semana da fam\u00edlia"},"content":{"rendered":"<p style=\"text-align: justify;\">O segundo domingo de agosto \u00e9 dedicado aos pais, vivos ou falecidos. \u00c9 o papai quem junto \u00e0 mam\u00e3e nos deu, como canal do dom de Deus, a vida biol\u00f3gica e tamb\u00e9m nos levou, com nosso padrinho e madrinha, \u00e0 pia batismal a fim de que, ali, pelo sacramento do Batismo, nos torn\u00e1ssemos filhos no Filho (Gl 4,5), ganhando uma nova m\u00e3e (na vida sobrenatural): a Igreja.<\/p>\n<p style=\"text-align: justify;\">\nOra, falar de pai, m\u00e3e e fam\u00edlia monog\u00e2mica e est\u00e1vel constitu\u00edda por um homem e uma mulher, de acordo com o projeto de Deus, nos dias de hoje, parecemos adentrar em uma utopia de uma era passada e que n\u00e3o volta mais, tamanhos s\u00e3o os ataques desferidos contra o matrim\u00f4nio, institui\u00e7\u00e3o natural elevada, por Cristo, a sacramento.<\/p>\n<p style=\"text-align: justify;\">\nN\u00e3o obstante ao ataque cont\u00ednuo do que se chama de \u201cpoliticamente correto\u201d, a Igreja, M\u00e3e carinhosa, tem o dever moral, diante de Deus, de lembrar a cada homem e a cada mulher que \u201ca fam\u00edlia \u00e9 a c\u00e9lula m\u00e3e da sociedade\u201d, que \u201co futuro da humanidade passa pela fam\u00edlia\u201d e que, portanto, ela \u00e9 institui\u00e7\u00e3o fundamental para a sobreviv\u00eancia da vida social e religiosa. \u00c9, via de regra, no seio da fam\u00edlia, que s\u00e3o formadas pessoas boas ou problem\u00e1ticas, a serem ajudadas.<\/p>\n<p style=\"text-align: justify;\">\nO Papa Francisco ressaltou que: &#8220;O pai deve estar presente na fam\u00edlia, que seja pr\u00f3ximo da mulher, para compartilhar tudo, alegrias e tristezas, fadigas e esperan\u00e7as. E deve estar pr\u00f3ximo dos filhos em seu crescimento: quando brincam e quando se empenham, quando ousam ou hesitam, quando erram e voltam atr\u00e1s. Pai presente, sempre! Presente n\u00e3o significa controlador, pois pode anular o filho\u201d, advertiu. O Papa Francisco cita tamb\u00e9m como exemplo o pai da par\u00e1bola do filho pr\u00f3digo. \u201cQuanta dignidade e ternura naquele pai que espera \u00e0 porta de casa que o filho regresse!&#8221;. Segundo Francisco, um bom pai sabe esperar e sabe perdoar e corrigir com firmeza, sem sentimentalismos, refletiu. Por fim, o Pont\u00edfice garantiu a proximidade da Igreja a todos os pais: \u201cA Igreja, portanto, est\u00e1 empenhada em apoiar com todas as suas for\u00e7as a presen\u00e7a generosa dos pais nas fam\u00edlias, porque eles s\u00e3o para as novas gera\u00e7\u00f5es cust\u00f3dios e mediadores insubstitu\u00edveis da f\u00e9 na bondade, na justi\u00e7a e na prote\u00e7\u00e3o de Deus, como S\u00e3o Jos\u00e9\u201d( http:\/\/www.a12.com\/santo-padre\/noticias\/detalhes\/papa-fala-sobre-a-missao-dos-pais-na-educacao-dos-filhos, \u00faltimo acesso em 08 de agosto de 2017).<\/p>\n<p style=\"text-align: justify;\">\nDa\u00ed a Igreja, sem deixar de entender e de tentar acolher aquelas fam\u00edlias que vivem em situa\u00e7\u00f5es dif\u00edceis, do ponto de vista moral, can\u00f4nico ou social e buscar entender cada realidade subjetiva, n\u00e3o deixa, nem poder\u00e1 deixar, do ponto de vista objetivo, de pregar que Deus criou homem e mulher e no matrim\u00f4nio j\u00e1 n\u00e3o s\u00e3o dois, mas uma s\u00f3 carne. E mais: o que o Pai celeste uniu, o homem n\u00e3o pode separar (cf. Gn 1,27; Mc 10,9).<\/p>\n<p style=\"text-align: justify;\">\nSeja, portanto, o dia dos pais e a semana da fam\u00edlia tempo forte de reflex\u00e3o!<\/p>\n","protected":false},"excerpt":{"rendered":"<p>O segundo domingo de agosto \u00e9 dedicado aos pais, vivos ou falecidos. \u00c9 o papai quem junto \u00e0 mam\u00e3e nos deu, como canal do dom de Deus, a vida biol\u00f3gica e tamb\u00e9m nos levou, com nosso padrinho e madrinha, \u00e0 pia batismal a fim de que, ali, pelo sacramento do Batismo, nos torn\u00e1ssemos filhos no [&hellip;]<\/p>\n","protected":false},"author":10,"featured_media":32785,"comment_status":"open","ping_status":"closed","sticky":false,"template":"","format":"standard","meta":{"footnotes":""},"categories":[9],"tags":[],"class_list":["post-34472","post","type-post","status-publish","format-standard","has-post-thumbnail","hentry","category-artigos"],"_links":{"self":[{"href":"https:\/\/catolicanet.net\/wp-cnet\/wp-json\/wp\/v2\/posts\/34472","targetHints":{"allow":["GET"]}}],"collection":[{"href":"https:\/\/catolicanet.net\/wp-cnet\/wp-json\/wp\/v2\/posts"}],"about":[{"href":"https:\/\/catolicanet.net\/wp-cnet\/wp-json\/wp\/v2\/types\/post"}],"author":[{"embeddable":true,"href":"https:\/\/catolicanet.net\/wp-cnet\/wp-json\/wp\/v2\/users\/10"}],"replies":[{"embeddable":true,"href":"https:\/\/catolicanet.net\/wp-cnet\/wp-json\/wp\/v2\/comments?post=34472"}],"version-history":[{"count":1,"href":"https:\/\/catolicanet.net\/wp-cnet\/wp-json\/wp\/v2\/posts\/34472\/revisions"}],"predecessor-version":[{"id":34473,"href":"https:\/\/catolicanet.net\/wp-cnet\/wp-json\/wp\/v2\/posts\/34472\/revisions\/34473"}],"wp:featuredmedia":[{"embeddable":true,"href":"https:\/\/catolicanet.net\/wp-cnet\/wp-json\/wp\/v2\/media\/32785"}],"wp:attachment":[{"href":"https:\/\/catolicanet.net\/wp-cnet\/wp-json\/wp\/v2\/media?parent=34472"}],"wp:term":[{"taxonomy":"category","embeddable":true,"href":"https:\/\/catolicanet.net\/wp-cnet\/wp-json\/wp\/v2\/categories?post=34472"},{"taxonomy":"post_tag","embeddable":true,"href":"https:\/\/catolicanet.net\/wp-cnet\/wp-json\/wp\/v2\/tags?post=34472"}],"curies":[{"name":"wp","href":"https:\/\/api.w.org\/{rel}","templated":true}]}}