{"id":3446,"date":"2013-11-18T16:24:58","date_gmt":"2013-11-18T18:24:58","guid":{"rendered":"http:\/\/catolicanet.net\/wp-cnet\/encontro-mariano-em-guadalupe-liturgia-educacao-e-solidariedade\/"},"modified":"2017-03-24T10:12:18","modified_gmt":"2017-03-24T13:12:18","slug":"encontro-mariano-em-guadalupe-liturgia-educacao-e-solidariedade","status":"publish","type":"post","link":"https:\/\/catolicanet.net\/wp-cnet\/encontro-mariano-em-guadalupe-liturgia-educacao-e-solidariedade\/","title":{"rendered":"Encontro mariano em Guadalupe: liturgia, educa\u00e7\u00e3o e solidariedade"},"content":{"rendered":"<p style=\"text-align: justify;\"><img decoding=\"async\" src=\"http:\/\/catolicanet.com.br\/images\/stories\/encontromarianoguadalupe.jpg\" border=\"0\" align=\"left\" \/>Prossegue no audit\u00f3rio da Bas\u00edlica de Guadalupe, em Cidade do M\u00e9xico, o Encontro e Peregrina\u00e7\u00e3o sobre a Nova Evangeliza\u00e7\u00e3o no Continente Americano, por ocasi\u00e3o do encerramento do Ano da F\u00e9.<\/p>\n<p>Na tarde deste domingo, os participantes deram continuidade \u00e0 an\u00e1lise dos desafios e tarefas que a Miss\u00e3o Continental exige, na \u00f3tima de uma Nova Evangeliza\u00e7\u00e3o impulsionada pelos \u00faltimos pont\u00edfices.<\/p>\n<p>Os temas dos grupos de trabalho abarcam um leque completo de realidades que a Igreja enfrenta hoje, tais como a liturgia e a religiosidade popular, a emerg\u00eancia educativa, matrim\u00f4nio e fam\u00edlia, os leigos e a classe dirigente, assim como a convers\u00e3o mission\u00e1ria das par\u00f3quias e dioceses.<\/p>\n<p>Tamb\u00e9m se aprofundou a problem\u00e1tica dos Direitos Humanos, a justi\u00e7a e a solidariedade frente \u00e0 pobreza e ao desamparo dos mais vulner\u00e1veis, entre os quais se identificaram os \u00edndios, os idosos, os migrantes, entre outros.<\/p>\n<p>As conclus\u00f5es preliminares ser\u00e3o divulgadas nesta segunda-feira, numa plen\u00e1ria que servir\u00e1 para intercambiar as linhas fundamentais do que ser\u00e1 o documento de futura publica\u00e7\u00e3o da Pontif\u00edcia Comiss\u00e3o para a Am\u00e9rica Latina.<\/p>\n<p>Terminado o trabalho dos grupos, os participantes se reuniram em torno de Maria, na Bas\u00edlica Guadalupana, para rezar o \u201cRos\u00e1rio Continental\u201d pelas inten\u00e7\u00f5es do Papa Francisco.<\/p>\n<p>A seguir, o Arcebispo de Nova Iorque, Card. Timothy Dolan, presidiu a uma concelebra\u00e7\u00e3o eucar\u00edstica. Durante sua homilia, o Cardeal refletiu sobre tr\u00eas elementos que o crist\u00e3o deve levar em considera\u00e7\u00e3o: o dia do Ju\u00edzo, o Templo e as tribula\u00e7\u00f5es.<\/p>\n<p>O Arcebispo de Nova Iorque concluiu convidando todos a dirigirem seus olhares a Nossa Senhora de Guadalupe, que perseverou at\u00e9 o final, e pedir a Ela prote\u00e7\u00e3o para que nos ajude a perseverar.<\/p>\n<p style=\"text-align: justify;\">\u00a0<\/p>\n<p style=\"text-align: justify;\"><strong>Local: Cidade do M\u00e9xico<br \/>Fonte: R\u00e1dio Vaticano<\/strong><\/p>\n","protected":false},"excerpt":{"rendered":"<p>Prossegue no audit\u00f3rio da Bas\u00edlica de Guadalupe, em Cidade do M\u00e9xico, o Encontro e Peregrina\u00e7\u00e3o sobre a Nova Evangeliza\u00e7\u00e3o no Continente Americano, por ocasi\u00e3o do encerramento do Ano da F\u00e9. Na tarde deste domingo, os participantes deram continuidade \u00e0 an\u00e1lise dos desafios e tarefas que a Miss\u00e3o Continental exige, na \u00f3tima de uma Nova Evangeliza\u00e7\u00e3o [&hellip;]<\/p>\n","protected":false},"author":1,"featured_media":0,"comment_status":"closed","ping_status":"closed","sticky":false,"template":"","format":"standard","meta":{"footnotes":""},"categories":[3],"tags":[],"class_list":["post-3446","post","type-post","status-publish","format-standard","hentry","category-vaticano"],"_links":{"self":[{"href":"https:\/\/catolicanet.net\/wp-cnet\/wp-json\/wp\/v2\/posts\/3446","targetHints":{"allow":["GET"]}}],"collection":[{"href":"https:\/\/catolicanet.net\/wp-cnet\/wp-json\/wp\/v2\/posts"}],"about":[{"href":"https:\/\/catolicanet.net\/wp-cnet\/wp-json\/wp\/v2\/types\/post"}],"author":[{"embeddable":true,"href":"https:\/\/catolicanet.net\/wp-cnet\/wp-json\/wp\/v2\/users\/1"}],"replies":[{"embeddable":true,"href":"https:\/\/catolicanet.net\/wp-cnet\/wp-json\/wp\/v2\/comments?post=3446"}],"version-history":[{"count":1,"href":"https:\/\/catolicanet.net\/wp-cnet\/wp-json\/wp\/v2\/posts\/3446\/revisions"}],"predecessor-version":[{"id":7883,"href":"https:\/\/catolicanet.net\/wp-cnet\/wp-json\/wp\/v2\/posts\/3446\/revisions\/7883"}],"wp:attachment":[{"href":"https:\/\/catolicanet.net\/wp-cnet\/wp-json\/wp\/v2\/media?parent=3446"}],"wp:term":[{"taxonomy":"category","embeddable":true,"href":"https:\/\/catolicanet.net\/wp-cnet\/wp-json\/wp\/v2\/categories?post=3446"},{"taxonomy":"post_tag","embeddable":true,"href":"https:\/\/catolicanet.net\/wp-cnet\/wp-json\/wp\/v2\/tags?post=3446"}],"curies":[{"name":"wp","href":"https:\/\/api.w.org\/{rel}","templated":true}]}}