{"id":34446,"date":"2017-08-09T12:06:47","date_gmt":"2017-08-09T15:06:47","guid":{"rendered":"http:\/\/catolicanet.net\/wp-cnet\/?p=34446"},"modified":"2017-08-10T13:38:45","modified_gmt":"2017-08-10T16:38:45","slug":"prioridade-do-papa-e-a-paz-diz-card-parolin-ao-comentar-viagem-a-russia","status":"publish","type":"post","link":"https:\/\/catolicanet.net\/wp-cnet\/prioridade-do-papa-e-a-paz-diz-card-parolin-ao-comentar-viagem-a-russia\/","title":{"rendered":"&#8220;Prioridade do Papa \u00e9 a paz&#8221;, diz Card. Parolin ao comentar viagem \u00e0 R\u00fassia"},"content":{"rendered":"<p style=\"text-align: justify;\">Cidade do Vaticano (RV) \u2013 \u201cNeste momento hist\u00f3rico, no qual assistimos a um aumento das tens\u00f5es e conflitos em v\u00e1rias partes do mundo, a paz constitui para o Papa e para mim pessoalmente, uma prioridade clara e inderrog\u00e1vel\u201d.<\/p>\n<p>\u00c9 o que enfatiza o Cardeal\u00a0 Pietro Parolin em entrevista ao \u201cCorriere dela Sera\u201d, confirmando que de 20 a 24 de agosto\u00a0 estar\u00e1 na R\u00fassia.<\/p>\n<p>Encontros com Putin e Kirill<\/p>\n<p>\u201cEst\u00e3o agendados encontros quer com o Presidente da Federa\u00e7\u00e3o Russa Putin, quer com o Patriarca de Moscou Kirill. A necessidade e a urg\u00eancia de buscar a paz e as modalidades em como faz\u00ea-lo, certamente estar\u00e3o entre os temas principais dos col\u00f3quios\u201d, antecipou o Secret\u00e1rio de Estado.<\/p>\n<p>R\u00fassia tem papel na estabilidade do continente<\/p>\n<p>\u201cA Santa S\u00e9 \u2013 explicou o purpurado &#8211;\u00a0 nutre um especial interesse pela vasta regi\u00e3o oriental da Europa que, al\u00e9m das ricas tradi\u00e7\u00f5es culturais e religiosas, tem um papel a desempenhar na busca de uma maior estabilidade para o continente e de uma maior unidade, inclusive nas rela\u00e7\u00f5es entre Leste e Oeste\u201d.<\/p>\n<p>\u201c\u00c9 importante que cada ocasi\u00e3o sejam aproveitada para encorajar o respeito, o di\u00e1logo e a colabora\u00e7\u00e3o rec\u00edprocos, em vista da promo\u00e7\u00e3o da paz\u201d, reitera o respons\u00e1vel pela diplomacia vaticana.<\/p>\n<p>Bem comum acima de outros interesses<\/p>\n<p>O Cardeal Parolin recorda que \u201ca Igreja n\u00e3o cessa de chamar todos os respons\u00e1veis pol\u00edticos do planeta a n\u00e3o antepor os interesses nacionais ou mesmo particulares, ao bem comum; ao respeito do direito internacional: n\u00e3o o direito da for\u00e7a, mas a for\u00e7a do direito; ao desenvolvimento de todos os homens; \u00e0 conc\u00f3rdia e \u00e0 colabora\u00e7\u00e3o entre as Na\u00e7\u00f5es. E o m\u00e9todo \u00e9 sempre o di\u00e1logo\u201d.<\/p>\n<p>Em rela\u00e7\u00e3o \u00e0 crescente tens\u00e3o entre R\u00fassia e Estados Unidos \u2013 disse o purpurado \u2013 \u201cnutro a confian\u00e7a de que ambas as partes saber\u00e3o agir com a devida responsabilidade para evitar o aumento da tens\u00e3o, dispostas tamb\u00e9m a reconhecer os eventuais erros que possam estar na origem de tal situa\u00e7\u00e3o. Seria dram\u00e1tico se n\u00e3o se fizesse nada a este respeito e, por consequ\u00eancia, as rela\u00e7\u00f5es se deteriorassem ulteriormente\u201d, afirma.<\/p>\n<p>Encorajar iniciativas que melhorem rela\u00e7\u00f5es<\/p>\n<p>O Cardeal Parolin considera ademais, \u201cimportante o papel das Igrejas e das sociedades civis em encorajar toda iniciativa que permita tornar mais positiva a atmosfera geral\u201d.<\/p>\n<p style=\"text-align: justify;\">\n<p style=\"text-align: justify;\">Fonte: R\u00e1dio Vaticano<\/p>\n","protected":false},"excerpt":{"rendered":"<p>Cidade do Vaticano (RV) \u2013 \u201cNeste momento hist\u00f3rico, no qual assistimos a um aumento das tens\u00f5es e conflitos em v\u00e1rias partes do mundo, a paz constitui para o Papa e para mim pessoalmente, uma prioridade clara e inderrog\u00e1vel\u201d. \u00c9 o que enfatiza o Cardeal\u00a0 Pietro Parolin em entrevista ao \u201cCorriere dela Sera\u201d, confirmando que de [&hellip;]<\/p>\n","protected":false},"author":1,"featured_media":34447,"comment_status":"open","ping_status":"closed","sticky":false,"template":"","format":"standard","meta":{"footnotes":""},"categories":[3],"tags":[],"class_list":["post-34446","post","type-post","status-publish","format-standard","has-post-thumbnail","hentry","category-vaticano"],"_links":{"self":[{"href":"https:\/\/catolicanet.net\/wp-cnet\/wp-json\/wp\/v2\/posts\/34446","targetHints":{"allow":["GET"]}}],"collection":[{"href":"https:\/\/catolicanet.net\/wp-cnet\/wp-json\/wp\/v2\/posts"}],"about":[{"href":"https:\/\/catolicanet.net\/wp-cnet\/wp-json\/wp\/v2\/types\/post"}],"author":[{"embeddable":true,"href":"https:\/\/catolicanet.net\/wp-cnet\/wp-json\/wp\/v2\/users\/1"}],"replies":[{"embeddable":true,"href":"https:\/\/catolicanet.net\/wp-cnet\/wp-json\/wp\/v2\/comments?post=34446"}],"version-history":[{"count":1,"href":"https:\/\/catolicanet.net\/wp-cnet\/wp-json\/wp\/v2\/posts\/34446\/revisions"}],"predecessor-version":[{"id":34448,"href":"https:\/\/catolicanet.net\/wp-cnet\/wp-json\/wp\/v2\/posts\/34446\/revisions\/34448"}],"wp:featuredmedia":[{"embeddable":true,"href":"https:\/\/catolicanet.net\/wp-cnet\/wp-json\/wp\/v2\/media\/34447"}],"wp:attachment":[{"href":"https:\/\/catolicanet.net\/wp-cnet\/wp-json\/wp\/v2\/media?parent=34446"}],"wp:term":[{"taxonomy":"category","embeddable":true,"href":"https:\/\/catolicanet.net\/wp-cnet\/wp-json\/wp\/v2\/categories?post=34446"},{"taxonomy":"post_tag","embeddable":true,"href":"https:\/\/catolicanet.net\/wp-cnet\/wp-json\/wp\/v2\/tags?post=34446"}],"curies":[{"name":"wp","href":"https:\/\/api.w.org\/{rel}","templated":true}]}}