{"id":34443,"date":"2017-08-09T11:55:45","date_gmt":"2017-08-09T14:55:45","guid":{"rendered":"http:\/\/catolicanet.net\/wp-cnet\/?p=34443"},"modified":"2017-08-10T13:34:41","modified_gmt":"2017-08-10T16:34:41","slug":"homenagens-a-irma-dulce-marcam-o-mes-de-agosto","status":"publish","type":"post","link":"https:\/\/catolicanet.net\/wp-cnet\/homenagens-a-irma-dulce-marcam-o-mes-de-agosto\/","title":{"rendered":"Homenagens \u00e0 Irm\u00e3 Dulce marcam o m\u00eas de Agosto"},"content":{"rendered":"<p style=\"text-align: justify;\">Devotos celebram a s\u00e9tima edi\u00e7\u00e3o da festa lit\u00fargica da Bem-Aventurada Dulce dos Pobres com um dia inteiro de comemora\u00e7\u00f5es<\/p>\n<p>O dia 13 de agosto foi institu\u00eddo pelo Vaticano como a data de celebra\u00e7\u00e3o da festa lit\u00fargica de Irm\u00e3 Dulce. Desde a beatifica\u00e7\u00e3o da religiosa, em 2011, a data foi escolhida porque foi nesse mesmo dia, em 1933, na Congrega\u00e7\u00e3o das Irm\u00e3s Mission\u00e1rias da Imaculada Concei\u00e7\u00e3o da M\u00e3e de Deus (em Sergipe), que Maria Rita de Souza Brito Lopes Pontes, aos 19 anos de idade, recebia o h\u00e1bito e adotava, em homenagem \u00e0 sua m\u00e3e, o nome de Irm\u00e3 Dulce.<\/p>\n<p>Em sua mem\u00f3ria, a programa\u00e7\u00e3o traz o tradicional noven\u00e1rio, que se iniciou dia 04 e vai at\u00e9 o dia 12 de agosto, no Santu\u00e1rio de Irm\u00e3 Dulce, em Salvador. A agenda festiva dedicada \u00e0 M\u00e3e dos Pobres vai at\u00e9 o dia 13, quando haver\u00e1 um dia inteiro de comemora\u00e7\u00f5es. Entre os destaques do dia 13, ser\u00e1 realizada a Missa Solene, \u00e0s 9h30, no Santu\u00e1rio da Bem-Aventurada, que contar\u00e1 com a presen\u00e7a do arcebispo de Salvador e primaz do Brasil, Dom Murilo Krieger. O dia dedicado ao Anjo Bom tamb\u00e9m ter\u00e1 a Caminhada Irm\u00e3 Dulce, que antecede a Missa Solene, e ser\u00e1 iniciada \u00e0s 8h, com sa\u00edda da Igreja do Bonfim em dire\u00e7\u00e3o ao Santu\u00e1rio da beata, onde todos v\u00e3o se reunir para a celebra\u00e7\u00e3o.<\/p>\n<p>M\u00e3e dos Pobres &#8211; Nascida em 26 de maio de 1914, na cidade de Salvador, Maria Rita de Souza Brito Lopes Pontes come\u00e7ou a manifestar interesse pela vida religiosa desde cedo, ainda no in\u00edcio da adolesc\u00eancia. Aos 13 anos de idade, j\u00e1 atendia doentes no port\u00e3o de sua casa, no bairro de Nazar\u00e9. Sempre com muita f\u00e9, amor e servi\u00e7o, o Anjo Bom iniciou na d\u00e9cada de 1930 um trabalho assistencial nas comunidades carentes, sobretudo nos Alagados, conjunto de palafitas que se consolidara na parte interna do bairro de Itapagipe, na capital baiana. Em 1949, Irm\u00e3 Dulce ocupou um galinheiro ao lado do convento, ap\u00f3s a autoriza\u00e7\u00e3o da sua superiora, com os primeiros 70 doentes. A iniciativa deu in\u00edcio \u00e0 cria\u00e7\u00e3o das Obras Sociais Irm\u00e3 Dulce, institui\u00e7\u00e3o que abriga hoje um dos maiores complexos de sa\u00fade 100% SUS do pa\u00eds, com cerca de 4,5 milh\u00f5es de atendimentos ambulatoriais por ano. Irm\u00e3 Dulce faleceu no dia 13 de mar\u00e7o de 1992, aos 77 anos, e atualmente est\u00e1 em processo de canoniza\u00e7\u00e3o. Para ser canonizada (declarada Santa) \u00e9 necess\u00e1ria a comprova\u00e7\u00e3o de mais um milagre atribu\u00eddo \u00e0 freira baiana.<\/p>\n<p>Anote!<\/p>\n<p>Programa\u00e7\u00e3o:<\/p>\n<p>Noven\u00e1rio<br \/>\nData: de 04 a 12 de agosto, sempre \u00e0s 18h<br \/>\nLocal: Santu\u00e1rio da Bem-Aventurada Dulce dos Pobres (Largo de Roma, Salvador)<\/p>\n<p>Festa em honra da Bem-Aventurada Dulce dos Pobres<br \/>\nData: 13 de agosto<br \/>\nLocal: Santu\u00e1rio da Bem-Aventurada Dulce dos Pobres<br \/>\n08h &#8211; Caminhada Irm\u00e3 Dulce, com sa\u00edda da Igreja do Bonfim em dire\u00e7\u00e3o ao Santu\u00e1rio da Bem-Aventurada Dulce dos Pobres<br \/>\n9h30 &#8211; Missa Solene, presidida por Dom Murilo Krieger, arcebispo de Salvador e primaz do Brasil<br \/>\n14h &#8211; Momento de Louvor<br \/>\n15h \u2013 Exposi\u00e7\u00e3o, adora\u00e7\u00e3o e b\u00ean\u00e7\u00e3o do Sant\u00edssimo Sacramento<br \/>\n17h &#8211; Missa dos Devotos<\/p>\n<p>Sobre as Obras Sociais Irm\u00e3 Dulce: Entidade filantr\u00f3pica sem fins lucrativos, as Obras Sociais Irm\u00e3 Dulce (OSID) \u00e9 uma esp\u00e9cie de \u2018holding social\u2019 constitu\u00edda por 21 n\u00facleos que prestam assist\u00eancia \u00e0 popula\u00e7\u00e3o de baixa renda nas \u00e1reas de sa\u00fade, assist\u00eancia social e educa\u00e7\u00e3o, dedicando-se ainda \u00e0 pesquisa cient\u00edfica, ensino m\u00e9dico, preserva\u00e7\u00e3o e difus\u00e3o da hist\u00f3ria de Irm\u00e3 Dulce e gest\u00e3o de unidades p\u00fablicas de sa\u00fade realizadas. Hoje, a OSID \u00e9 considerada pelo Minist\u00e9rio da Sa\u00fade um dos maiores complexos de atendimento 100% SUS do pa\u00eds, com 4,5 milh\u00f5es de atendimentos ambulatoriais por ano a idosos, pessoas com defici\u00eancia, pacientes sociais, crian\u00e7as e adolescentes em situa\u00e7\u00e3o de risco social, dependentes de subst\u00e2ncias psicoativas e pessoas em situa\u00e7\u00e3o de rua. Em sua sede, em Salvador, s\u00e3o atendidas diariamente cerca de 2 mil pessoas e realizados por ano 9,3 mil cirurgias e 16,5 mil internamentos. Somente na capital baiana, a institui\u00e7\u00e3o conta com mais de 2 mil funcion\u00e1rios, al\u00e9m de 320 m\u00e9dicos e 125 volunt\u00e1rios.<\/p>\n<p>Mais informa\u00e7\u00f5es em S\u00e3o Paulo:<br \/>\nNote! Assessoria de Comunica\u00e7\u00e3o<br \/>\nwww.notecomunicacao.com.br<br \/>\nMayara Grosso \/ Gisele Gomes \/ Fernanda Pancheri<br \/>\n(11) 3136-0544<br \/>\n<a href=\"mailto:mayara.grosso@notecomunicacao.com.br\">mayara.grosso@notecomunicacao.com.br<\/a><br \/>\n<a href=\"mailto:gisele.gomes@notecomunicacao.com.br\">gisele.gomes@notecomunicacao.com.br<\/a><br \/>\n<a href=\"mailto:fernanda.pancheri@notecomunicacao.com.br\">fernanda.pancheri@notecomunicacao.com.br<\/a><\/p>\n","protected":false},"excerpt":{"rendered":"<p>Devotos celebram a s\u00e9tima edi\u00e7\u00e3o da festa lit\u00fargica da Bem-Aventurada Dulce dos Pobres com um dia inteiro de comemora\u00e7\u00f5es O dia 13 de agosto foi institu\u00eddo pelo Vaticano como a data de celebra\u00e7\u00e3o da festa lit\u00fargica de Irm\u00e3 Dulce. Desde a beatifica\u00e7\u00e3o da religiosa, em 2011, a data foi escolhida porque foi nesse mesmo dia, [&hellip;]<\/p>\n","protected":false},"author":1,"featured_media":34444,"comment_status":"open","ping_status":"closed","sticky":false,"template":"","format":"standard","meta":{"footnotes":""},"categories":[4],"tags":[],"class_list":["post-34443","post","type-post","status-publish","format-standard","has-post-thumbnail","hentry","category-cotidiano"],"_links":{"self":[{"href":"https:\/\/catolicanet.net\/wp-cnet\/wp-json\/wp\/v2\/posts\/34443","targetHints":{"allow":["GET"]}}],"collection":[{"href":"https:\/\/catolicanet.net\/wp-cnet\/wp-json\/wp\/v2\/posts"}],"about":[{"href":"https:\/\/catolicanet.net\/wp-cnet\/wp-json\/wp\/v2\/types\/post"}],"author":[{"embeddable":true,"href":"https:\/\/catolicanet.net\/wp-cnet\/wp-json\/wp\/v2\/users\/1"}],"replies":[{"embeddable":true,"href":"https:\/\/catolicanet.net\/wp-cnet\/wp-json\/wp\/v2\/comments?post=34443"}],"version-history":[{"count":1,"href":"https:\/\/catolicanet.net\/wp-cnet\/wp-json\/wp\/v2\/posts\/34443\/revisions"}],"predecessor-version":[{"id":34445,"href":"https:\/\/catolicanet.net\/wp-cnet\/wp-json\/wp\/v2\/posts\/34443\/revisions\/34445"}],"wp:featuredmedia":[{"embeddable":true,"href":"https:\/\/catolicanet.net\/wp-cnet\/wp-json\/wp\/v2\/media\/34444"}],"wp:attachment":[{"href":"https:\/\/catolicanet.net\/wp-cnet\/wp-json\/wp\/v2\/media?parent=34443"}],"wp:term":[{"taxonomy":"category","embeddable":true,"href":"https:\/\/catolicanet.net\/wp-cnet\/wp-json\/wp\/v2\/categories?post=34443"},{"taxonomy":"post_tag","embeddable":true,"href":"https:\/\/catolicanet.net\/wp-cnet\/wp-json\/wp\/v2\/tags?post=34443"}],"curies":[{"name":"wp","href":"https:\/\/api.w.org\/{rel}","templated":true}]}}