{"id":3444,"date":"2013-11-18T16:08:25","date_gmt":"2013-11-18T18:08:25","guid":{"rendered":"http:\/\/catolicanet.net\/wp-cnet\/comla-chance-de-renovar-a-fe-e-o-espirito-missionario\/"},"modified":"2017-03-24T10:20:39","modified_gmt":"2017-03-24T13:20:39","slug":"comla-chance-de-renovar-a-fe-e-o-espirito-missionario","status":"publish","type":"post","link":"https:\/\/catolicanet.net\/wp-cnet\/comla-chance-de-renovar-a-fe-e-o-espirito-missionario\/","title":{"rendered":"COMLA: chance de renovar a f\u00e9 e o esp\u00edrito mission\u00e1rio"},"content":{"rendered":"<p style=\"text-align: justify;\"><img decoding=\"async\" src=\"http:\/\/catolicanet.com.br\/images\/stories\/cam4colam.jpg\" border=\"0\" align=\"left\" \/>O IV Congresso Mission\u00e1rio Americano (CAM 4) e o IX Congresso Mission\u00e1rio latino-americano (COMLA 9) \u201cser\u00e3o os eventos mais importantes da Igreja da Venezuela (pa\u00eds anfitri\u00e3o) dos pr\u00f3ximos anos. O desafio \u00e9 anunciar o Evangelho em um mundo em transforma\u00e7\u00e3o, secularizado e multicultural. Segundo os organizadores, ser\u00e1 um momento de \u2018kair\u00f3s\u2019 para a Igreja.<\/p>\n<p>Esta edi\u00e7\u00e3o, promovida pela Confer\u00eancia Episcopal e pelas Pontif\u00edcias Obras Mission\u00e1rias da Venezuela, ter\u00e1 a participa\u00e7\u00e3o do Cardeal Fernando Filoni, Prefeito da Congrega\u00e7\u00e3o para a Evangeliza\u00e7\u00e3o dos Povos, como enviado especial do Papa Francisco.<\/p>\n<p>Para Dom Ubaldo Santana, ex-Presidente da Confer\u00eancia Episcopal Venezuelana e arcebispo de Maracaibo, \u201cser\u00e1 uma grande oportunidade para que a Venezuela renove a sua f\u00e9 e seu esp\u00edrito mission\u00e1rio\u201d.<\/p>\n<p>Est\u00e3o programados 22 paineis, apresentados por diversos especialistas. Dentre os temas, ser\u00e3o discutidos: a inf\u00e2ncia e a adolesc\u00eancia mission\u00e1rias, o desafio das culturas juvenis para a miss\u00e3o da Igreja; a incultura\u00e7\u00e3o da liturgia; evangeliza\u00e7\u00e3o e ideias pol\u00edticas; a salvaguarda da cria\u00e7\u00e3o; o desafio mission\u00e1rio da mobilidade humana; centralidade da palavra de Deus na miss\u00e3o da Igreja; di\u00e1logo e an\u00fancio aos n\u00e3o-crentes; o an\u00fancio de Jesus Cristo nas culturas afro-americanas e ind\u00edgenas; religiosidade popular, caminho de evangeliza\u00e7\u00e3o; miss\u00e3o e ecumenismo.<\/p>\n<p>Por ocasi\u00e3o da celebra\u00e7\u00e3o do IV Congresso Americano Mission\u00e1rio, as rel\u00edquias de Santa Terezinha do Menino Jesus, padroeira universal das miss\u00f5es, visitar\u00e3o a Venezuela.<\/p>\n<p>Para mais informa\u00e7\u00f5es, visite: www.venezuelacam4.org.ve<\/p>\n<p style=\"text-align: justify;\">\u00a0<\/p>\n<p style=\"text-align: justify;\"><strong>Local: Maracaibo <br \/>Fonte: R\u00e1dio Vaticano<\/strong><\/p>\n","protected":false},"excerpt":{"rendered":"<p>O IV Congresso Mission\u00e1rio Americano (CAM 4) e o IX Congresso Mission\u00e1rio latino-americano (COMLA 9) \u201cser\u00e3o os eventos mais importantes da Igreja da Venezuela (pa\u00eds anfitri\u00e3o) dos pr\u00f3ximos anos. O desafio \u00e9 anunciar o Evangelho em um mundo em transforma\u00e7\u00e3o, secularizado e multicultural. Segundo os organizadores, ser\u00e1 um momento de \u2018kair\u00f3s\u2019 para a Igreja. Esta [&hellip;]<\/p>\n","protected":false},"author":1,"featured_media":0,"comment_status":"closed","ping_status":"closed","sticky":false,"template":"","format":"standard","meta":{"footnotes":""},"categories":[3],"tags":[],"class_list":["post-3444","post","type-post","status-publish","format-standard","hentry","category-vaticano"],"_links":{"self":[{"href":"https:\/\/catolicanet.net\/wp-cnet\/wp-json\/wp\/v2\/posts\/3444","targetHints":{"allow":["GET"]}}],"collection":[{"href":"https:\/\/catolicanet.net\/wp-cnet\/wp-json\/wp\/v2\/posts"}],"about":[{"href":"https:\/\/catolicanet.net\/wp-cnet\/wp-json\/wp\/v2\/types\/post"}],"author":[{"embeddable":true,"href":"https:\/\/catolicanet.net\/wp-cnet\/wp-json\/wp\/v2\/users\/1"}],"replies":[{"embeddable":true,"href":"https:\/\/catolicanet.net\/wp-cnet\/wp-json\/wp\/v2\/comments?post=3444"}],"version-history":[{"count":1,"href":"https:\/\/catolicanet.net\/wp-cnet\/wp-json\/wp\/v2\/posts\/3444\/revisions"}],"predecessor-version":[{"id":7885,"href":"https:\/\/catolicanet.net\/wp-cnet\/wp-json\/wp\/v2\/posts\/3444\/revisions\/7885"}],"wp:attachment":[{"href":"https:\/\/catolicanet.net\/wp-cnet\/wp-json\/wp\/v2\/media?parent=3444"}],"wp:term":[{"taxonomy":"category","embeddable":true,"href":"https:\/\/catolicanet.net\/wp-cnet\/wp-json\/wp\/v2\/categories?post=3444"},{"taxonomy":"post_tag","embeddable":true,"href":"https:\/\/catolicanet.net\/wp-cnet\/wp-json\/wp\/v2\/tags?post=3444"}],"curies":[{"name":"wp","href":"https:\/\/api.w.org\/{rel}","templated":true}]}}