{"id":3443,"date":"2013-11-18T16:05:51","date_gmt":"2013-11-18T18:05:51","guid":{"rendered":"http:\/\/catolicanet.net\/wp-cnet\/santo-padre-aprova-novo-estatudo-da-autoridade-de-informacao-financeira\/"},"modified":"2017-03-24T10:21:13","modified_gmt":"2017-03-24T13:21:13","slug":"santo-padre-aprova-novo-estatudo-da-autoridade-de-informacao-financeira","status":"publish","type":"post","link":"https:\/\/catolicanet.net\/wp-cnet\/santo-padre-aprova-novo-estatudo-da-autoridade-de-informacao-financeira\/","title":{"rendered":"Santo Padre aprova novo Estatudo da Autoridade de Informa\u00e7\u00e3o Financeira"},"content":{"rendered":"<p style=\"text-align: justify;\">Foi publicada, nesta segunda-feira, a Carta Apost\u00f3lica em forma de Motu Proprio de 15 de novembro de 2013, com a qual o Papa Francisco aprova o novo Estatuto da Autoridade de Informa\u00e7\u00e3o Financeira (AIF). Esta medida pontif\u00edcia entrar\u00e1 em vigor no pr\u00f3ximo dia 21.<\/p>\n<p>Com o Moto Proprio de 8 de agosto deste ano e com a Lei n\u00b0 18 de 8 de outubro de 2013, que estabelece as normas em mat\u00e9ria de transpar\u00eancia, vigil\u00e2ncia e informa\u00e7\u00e3o financeira, o Papa Francisco refor\u00e7ou ainda mais o quadro institucional da Santa S\u00e9 e do Estado da Cidade do Vaticano para prevenir e combater poss\u00edveis atividades ilegais no campo financeiro, segundo um comunicado da Sala de Imprensa da Santa S\u00e9.<\/p>\n<p>O Santo Padre conferiu \u00e0 Autoridade de Informa\u00e7\u00e3o Financeira, al\u00e9m das fun\u00e7\u00f5es que j\u00e1 tinha com o Motu Proprio do Papa Bento XVI de 30 de dezembro de 2010, a fun\u00e7\u00e3o de vigil\u00e2ncia prudencial das entidades que desempenham atividades profissionais de natureza financeira.<\/p>\n<p>O Estatuto atual agora ad\u00e9qua a estrutura interna da Autoridade de Informa\u00e7\u00e3o Financeira \u00e0s fun\u00e7\u00f5es que ela \u00e9 chamada a desempenhar.<\/p>\n<p>Segundo a nota, o novo Estatuto distingue os pap\u00e9is e responsabilidades do presidente, do conselho e da diretoria para garantir que a Autoridade de Informa\u00e7\u00e3o Financeira desempenhe mais eficazmente suas fun\u00e7\u00f5es, com total autonomia e independ\u00eancia e em linha com o quadro institucional e jur\u00eddico da Santa S\u00e9 e do Estado da Cidade do Vaticano. Al\u00e9m disso, estabelece um escrit\u00f3rio especial para a vigil\u00e2ncia prudencial, dotado de recursos profissionais necess\u00e1rios.<\/p>\n<p style=\"text-align: justify;\">\u00a0<\/p>\n<p style=\"text-align: justify;\"><strong>Local: Cidade do Vaticano <br \/>Fonte: R\u00e1dio Vaticano<\/strong><\/p>\n","protected":false},"excerpt":{"rendered":"<p>Foi publicada, nesta segunda-feira, a Carta Apost\u00f3lica em forma de Motu Proprio de 15 de novembro de 2013, com a qual o Papa Francisco aprova o novo Estatuto da Autoridade de Informa\u00e7\u00e3o Financeira (AIF). Esta medida pontif\u00edcia entrar\u00e1 em vigor no pr\u00f3ximo dia 21. Com o Moto Proprio de 8 de agosto deste ano e [&hellip;]<\/p>\n","protected":false},"author":1,"featured_media":0,"comment_status":"closed","ping_status":"closed","sticky":false,"template":"","format":"standard","meta":{"footnotes":""},"categories":[3],"tags":[],"class_list":["post-3443","post","type-post","status-publish","format-standard","hentry","category-vaticano"],"_links":{"self":[{"href":"https:\/\/catolicanet.net\/wp-cnet\/wp-json\/wp\/v2\/posts\/3443","targetHints":{"allow":["GET"]}}],"collection":[{"href":"https:\/\/catolicanet.net\/wp-cnet\/wp-json\/wp\/v2\/posts"}],"about":[{"href":"https:\/\/catolicanet.net\/wp-cnet\/wp-json\/wp\/v2\/types\/post"}],"author":[{"embeddable":true,"href":"https:\/\/catolicanet.net\/wp-cnet\/wp-json\/wp\/v2\/users\/1"}],"replies":[{"embeddable":true,"href":"https:\/\/catolicanet.net\/wp-cnet\/wp-json\/wp\/v2\/comments?post=3443"}],"version-history":[{"count":1,"href":"https:\/\/catolicanet.net\/wp-cnet\/wp-json\/wp\/v2\/posts\/3443\/revisions"}],"predecessor-version":[{"id":7886,"href":"https:\/\/catolicanet.net\/wp-cnet\/wp-json\/wp\/v2\/posts\/3443\/revisions\/7886"}],"wp:attachment":[{"href":"https:\/\/catolicanet.net\/wp-cnet\/wp-json\/wp\/v2\/media?parent=3443"}],"wp:term":[{"taxonomy":"category","embeddable":true,"href":"https:\/\/catolicanet.net\/wp-cnet\/wp-json\/wp\/v2\/categories?post=3443"},{"taxonomy":"post_tag","embeddable":true,"href":"https:\/\/catolicanet.net\/wp-cnet\/wp-json\/wp\/v2\/tags?post=3443"}],"curies":[{"name":"wp","href":"https:\/\/api.w.org\/{rel}","templated":true}]}}