{"id":34426,"date":"2017-08-09T09:39:58","date_gmt":"2017-08-09T12:39:58","guid":{"rendered":"http:\/\/catolicanet.net\/wp-cnet\/?p=34426"},"modified":"2017-08-10T13:08:39","modified_gmt":"2017-08-10T16:08:39","slug":"nigeria-bispo-agradece-proximidade-do-papa-e-descarta-terrorismo","status":"publish","type":"post","link":"https:\/\/catolicanet.net\/wp-cnet\/nigeria-bispo-agradece-proximidade-do-papa-e-descarta-terrorismo\/","title":{"rendered":"Nig\u00e9ria: bispo agradece proximidade do Papa e descarta terrorismo"},"content":{"rendered":"<p style=\"text-align: justify;\">Abuja (RV) &#8211;\u00a0 \u201cEu li imediatamente a mensagem aos meus fi\u00e9is, que ficaram extremamente tocados pela proximidade do Pont\u00edfice, que levou a eles conforto em um momento t\u00e3o tr\u00e1gico\u201d.<\/p>\n<p style=\"text-align: justify;\"><a href=\"http:\/\/media02.radiovaticana.va\/audio\/audio2\/mp3\/00591939.mp3\">Clique aqui para ouvir:<\/a><\/p>\n<p style=\"text-align: justify;\">Com sentimento de gratid\u00e3o, o Bispo da Diocese nigeriana de Nnewi, Dom Hilary Paul Odili Okeke, falou \u00e0 Ajuda que Sofre do telegrama de pesar do Papa Francisco pelas v\u00edtimas da trag\u00e9dia ocorrida na Igreja de St Philips na manh\u00e3 de domingo, quando homens armados entraram no templo durante a celebra\u00e7\u00e3o de uma Missa atr\u00e1s de um indiv\u00edduo ligado ao tr\u00e1fico de drogas, e na fuga dispararam tamb\u00e9m contra os fi\u00e9is.<\/p>\n<p>O ataque chocou a popula\u00e7\u00e3o local. No sul da Nig\u00e9ria, de maioria crist\u00e3, n\u00e3o costumam se registrar ataques do g\u00eanero. \u201cExiste uma grande preocupa\u00e7\u00e3o, mas n\u00e3o obstante isto, na Missa que ontem celebramos na Igreja de St Philips, vieram muitas pessoas\u201d, disse o prelado. Pouco antes do in\u00edcio da celebra\u00e7\u00e3o havia chegado o telegrama do Papa Francisco.<\/p>\n<p>N\u00e3o foi a\u00e7\u00e3o terrorista<\/p>\n<p>\u201cN\u00e3o tenho nenhum motivo para pensar que tenha se tratado de um atentado contra a Igreja\u201d, salientou por sua vez o prelado.<\/p>\n<p>\u201cAlgumas pessoas foram mortas dentro da igreja \u2013 recorda \u2013 enquanto outras morreram no hospital ou durante o trajeto, dentro das ambul\u00e2ncias. O balan\u00e7o \u00e9 de 13 mortos e 26 feridos\u201d.<\/p>\n<p>Trag\u00e9dia ligada \u00e0 quest\u00f5es locais<\/p>\n<p>Segundo Dom Okeke, a trag\u00e9dia est\u00e1 ligada a quest\u00f5es de car\u00e1ter local e de forma alguma pode ser interpretada como de natureza terrorista.<\/p>\n<p>\u201cN\u00e3o h\u00e1 nenhum elemento que leve a pensar que por tr\u00e1s do ataque esteja o Boko Haram ou qualquer outro grupo. N\u00e3o acredito que tenha sido um ataque contra a Igreja, mas\u00a0 simplesmente que tenha ocorrido dentro de uma igreja\u201d.<\/p>\n<p>Confiar em Deus<\/p>\n<p>Na segunda-feira (07\/08)\u00a0 o bispo visitou os feridos e as fam\u00edlias das v\u00edtimas em dois hospitais diferentes. \u201cEncontrei cada um deles e busquei confort\u00e1-los. Disse a todos os meus fi\u00e9is para continuarem a ter confian\u00e7a em Deus. Epis\u00f3dio como estes podem acontecer com qualquer um e a qualquer momento. N\u00f3s podemos somente deixar tudo nas m\u00e3os de Deus e seguir a sua vontade\u201d.<\/p>\n<p>Pedimos ora\u00e7\u00e3o, ora\u00e7\u00e3o, ora\u00e7\u00e3o!<\/p>\n<p>Agora Dom Okeke est\u00e1 empenhado em organizar as ajudas para os feridos e as fam\u00edlias das v\u00edtimas e pede o apoio de todos os crist\u00e3os do mundo.<\/p>\n<p>\u201cMas antes de tudo, pedimos aos nossos irm\u00e3os de f\u00e9 para rezarem: por n\u00f3s, pelas v\u00edtimas e pelos pr\u00f3prios atentadores. \u00c9 a primeira coisa que pedimos: ora\u00e7\u00e3o, ora\u00e7\u00e3o, ora\u00e7\u00e3o!\u201d.<\/p>\n<p>&nbsp;<\/p>\n<p>Fonte: R\u00e1dio Vaticano<\/p>\n","protected":false},"excerpt":{"rendered":"<p>Abuja (RV) &#8211;\u00a0 \u201cEu li imediatamente a mensagem aos meus fi\u00e9is, que ficaram extremamente tocados pela proximidade do Pont\u00edfice, que levou a eles conforto em um momento t\u00e3o tr\u00e1gico\u201d. Clique aqui para ouvir: Com sentimento de gratid\u00e3o, o Bispo da Diocese nigeriana de Nnewi, Dom Hilary Paul Odili Okeke, falou \u00e0 Ajuda que Sofre do [&hellip;]<\/p>\n","protected":false},"author":1,"featured_media":34427,"comment_status":"open","ping_status":"closed","sticky":false,"template":"","format":"standard","meta":{"footnotes":""},"categories":[3],"tags":[],"class_list":["post-34426","post","type-post","status-publish","format-standard","has-post-thumbnail","hentry","category-vaticano"],"_links":{"self":[{"href":"https:\/\/catolicanet.net\/wp-cnet\/wp-json\/wp\/v2\/posts\/34426","targetHints":{"allow":["GET"]}}],"collection":[{"href":"https:\/\/catolicanet.net\/wp-cnet\/wp-json\/wp\/v2\/posts"}],"about":[{"href":"https:\/\/catolicanet.net\/wp-cnet\/wp-json\/wp\/v2\/types\/post"}],"author":[{"embeddable":true,"href":"https:\/\/catolicanet.net\/wp-cnet\/wp-json\/wp\/v2\/users\/1"}],"replies":[{"embeddable":true,"href":"https:\/\/catolicanet.net\/wp-cnet\/wp-json\/wp\/v2\/comments?post=34426"}],"version-history":[{"count":1,"href":"https:\/\/catolicanet.net\/wp-cnet\/wp-json\/wp\/v2\/posts\/34426\/revisions"}],"predecessor-version":[{"id":34428,"href":"https:\/\/catolicanet.net\/wp-cnet\/wp-json\/wp\/v2\/posts\/34426\/revisions\/34428"}],"wp:featuredmedia":[{"embeddable":true,"href":"https:\/\/catolicanet.net\/wp-cnet\/wp-json\/wp\/v2\/media\/34427"}],"wp:attachment":[{"href":"https:\/\/catolicanet.net\/wp-cnet\/wp-json\/wp\/v2\/media?parent=34426"}],"wp:term":[{"taxonomy":"category","embeddable":true,"href":"https:\/\/catolicanet.net\/wp-cnet\/wp-json\/wp\/v2\/categories?post=34426"},{"taxonomy":"post_tag","embeddable":true,"href":"https:\/\/catolicanet.net\/wp-cnet\/wp-json\/wp\/v2\/tags?post=34426"}],"curies":[{"name":"wp","href":"https:\/\/api.w.org\/{rel}","templated":true}]}}