{"id":3442,"date":"2013-11-18T15:53:11","date_gmt":"2013-11-18T17:53:11","guid":{"rendered":"http:\/\/catolicanet.net\/wp-cnet\/papa-recebe-primeiro-ministro-das-bahamas\/"},"modified":"2017-03-24T10:21:55","modified_gmt":"2017-03-24T13:21:55","slug":"papa-recebe-primeiro-ministro-das-bahamas","status":"publish","type":"post","link":"https:\/\/catolicanet.net\/wp-cnet\/papa-recebe-primeiro-ministro-das-bahamas\/","title":{"rendered":"Papa recebe primeiro-ministro das Bahamas"},"content":{"rendered":"<p style=\"text-align: justify;\">O Papa Francisco recebeu em audi\u00eancia nesta segunda-feira, no Vaticano, o primeiro-ministro das Bahamas, Perry Gladstone Christie.<\/p>\n<p>O premier encontrou-se tamb\u00e9m com Dom Pietro Parolin, que hoje iniciou suas atividades como Secret\u00e1rio de Estado, e com o Secret\u00e1rio das Rela\u00e7\u00f5es com os Estados, Dom Dominique Mamberti.<\/p>\n<p>Segundo a Sala de Imprensa da Santa S\u00e9, os col\u00f3quios se detiveram sobre o tema da imigra\u00e7\u00e3o e a contribui\u00e7\u00e3o que a Igreja Cat\u00f3lica oferece \u00e0 popula\u00e7\u00e3o bahamense, sobretudo nos setores assistencial e educacional, desejando uma maior colabora\u00e7\u00e3o nesses \u00e2mbitos.<\/p>\n<p style=\"text-align: justify;\">\u00a0<\/p>\n<p style=\"text-align: justify;\"><strong>Local: Cidade do Vaticano<br \/>Fonte: R\u00e1dio Vaticano<\/strong><\/p>\n","protected":false},"excerpt":{"rendered":"<p>O Papa Francisco recebeu em audi\u00eancia nesta segunda-feira, no Vaticano, o primeiro-ministro das Bahamas, Perry Gladstone Christie. O premier encontrou-se tamb\u00e9m com Dom Pietro Parolin, que hoje iniciou suas atividades como Secret\u00e1rio de Estado, e com o Secret\u00e1rio das Rela\u00e7\u00f5es com os Estados, Dom Dominique Mamberti. Segundo a Sala de Imprensa da Santa S\u00e9, os [&hellip;]<\/p>\n","protected":false},"author":1,"featured_media":0,"comment_status":"closed","ping_status":"closed","sticky":false,"template":"","format":"standard","meta":{"footnotes":""},"categories":[3],"tags":[],"class_list":["post-3442","post","type-post","status-publish","format-standard","hentry","category-vaticano"],"_links":{"self":[{"href":"https:\/\/catolicanet.net\/wp-cnet\/wp-json\/wp\/v2\/posts\/3442","targetHints":{"allow":["GET"]}}],"collection":[{"href":"https:\/\/catolicanet.net\/wp-cnet\/wp-json\/wp\/v2\/posts"}],"about":[{"href":"https:\/\/catolicanet.net\/wp-cnet\/wp-json\/wp\/v2\/types\/post"}],"author":[{"embeddable":true,"href":"https:\/\/catolicanet.net\/wp-cnet\/wp-json\/wp\/v2\/users\/1"}],"replies":[{"embeddable":true,"href":"https:\/\/catolicanet.net\/wp-cnet\/wp-json\/wp\/v2\/comments?post=3442"}],"version-history":[{"count":1,"href":"https:\/\/catolicanet.net\/wp-cnet\/wp-json\/wp\/v2\/posts\/3442\/revisions"}],"predecessor-version":[{"id":7887,"href":"https:\/\/catolicanet.net\/wp-cnet\/wp-json\/wp\/v2\/posts\/3442\/revisions\/7887"}],"wp:attachment":[{"href":"https:\/\/catolicanet.net\/wp-cnet\/wp-json\/wp\/v2\/media?parent=3442"}],"wp:term":[{"taxonomy":"category","embeddable":true,"href":"https:\/\/catolicanet.net\/wp-cnet\/wp-json\/wp\/v2\/categories?post=3442"},{"taxonomy":"post_tag","embeddable":true,"href":"https:\/\/catolicanet.net\/wp-cnet\/wp-json\/wp\/v2\/tags?post=3442"}],"curies":[{"name":"wp","href":"https:\/\/api.w.org\/{rel}","templated":true}]}}