{"id":3441,"date":"2013-11-18T15:38:50","date_gmt":"2013-11-18T17:38:50","guid":{"rendered":"http:\/\/catolicanet.net\/wp-cnet\/no-vaticano-patriarca-e-arcebispos-discutem-a-situacao-dos-cristaos-orientais\/"},"modified":"2017-03-24T10:22:25","modified_gmt":"2017-03-24T13:22:25","slug":"no-vaticano-patriarca-e-arcebispos-discutem-a-situacao-dos-cristaos-orientais","status":"publish","type":"post","link":"https:\/\/catolicanet.net\/wp-cnet\/no-vaticano-patriarca-e-arcebispos-discutem-a-situacao-dos-cristaos-orientais\/","title":{"rendered":"No Vaticano, Patriarca e Arcebispos discutem a situa\u00e7\u00e3o dos crist\u00e3os orientais"},"content":{"rendered":"<p style=\"text-align: justify;\"><img decoding=\"async\" src=\"http:\/\/catolicanet.com.br\/images\/stories\/novaticanopatriarca.jpg\" border=\"0\" align=\"left\" \/>\u201cAs Igrejas Orientais cat\u00f3licas 50 anos depois do Conc\u00edlio Vaticano II\u201d \u00e9 o tema da Plen\u00e1ria da Congrega\u00e7\u00e3o para as Igrejas Orientais, que tem in\u00edcio esta ter\u00e7a-feira, 19 de novembro.<\/p>\n<p>A Plen\u00e1ria ser\u00e1 inaugurada pelo Prefeito da Congrega\u00e7\u00e3o, Card. Leonardo Sandri, que presidir\u00e1 a concelebra\u00e7\u00e3o eucar\u00edstica para invocar o dom da paz e da reconcilia\u00e7\u00e3o na Terra Santa, S\u00edria, Iraque, Egito e em todo o Oriente M\u00e9dio. No final da manh\u00e3, o Papa Francisco receber\u00e1 em audi\u00eancia todos os membros da Plen\u00e1ria, dirigindo-lhes um discurso.<\/p>\n<p>At\u00e9 sexta-feira, os participantes debater\u00e3o a situa\u00e7\u00e3o dos crist\u00e3os orientais com refer\u00eancia a tr\u00eas \u00e1reas: o Oriente M\u00e9dio, a Europa Oriental e a \u00cdndia, e as respectivas comunidades da di\u00e1spora.<\/p>\n<p>No domingo, dia 24, durante a celebra\u00e7\u00e3o eucar\u00edstica conclusiva do Ano da F\u00e9, os Padres das Igrejas Orientais Cat\u00f3licas se unir\u00e3o ao Santo Padre.<\/p>\n<p style=\"text-align: justify;\">\u00a0<\/p>\n<p style=\"text-align: justify;\"><strong>Local: Vaticano<br \/>Fonte: R\u00e1dio Vaticano<\/strong><\/p>\n","protected":false},"excerpt":{"rendered":"<p>\u201cAs Igrejas Orientais cat\u00f3licas 50 anos depois do Conc\u00edlio Vaticano II\u201d \u00e9 o tema da Plen\u00e1ria da Congrega\u00e7\u00e3o para as Igrejas Orientais, que tem in\u00edcio esta ter\u00e7a-feira, 19 de novembro. A Plen\u00e1ria ser\u00e1 inaugurada pelo Prefeito da Congrega\u00e7\u00e3o, Card. Leonardo Sandri, que presidir\u00e1 a concelebra\u00e7\u00e3o eucar\u00edstica para invocar o dom da paz e da reconcilia\u00e7\u00e3o [&hellip;]<\/p>\n","protected":false},"author":1,"featured_media":0,"comment_status":"closed","ping_status":"closed","sticky":false,"template":"","format":"standard","meta":{"footnotes":""},"categories":[3],"tags":[],"class_list":["post-3441","post","type-post","status-publish","format-standard","hentry","category-vaticano"],"_links":{"self":[{"href":"https:\/\/catolicanet.net\/wp-cnet\/wp-json\/wp\/v2\/posts\/3441","targetHints":{"allow":["GET"]}}],"collection":[{"href":"https:\/\/catolicanet.net\/wp-cnet\/wp-json\/wp\/v2\/posts"}],"about":[{"href":"https:\/\/catolicanet.net\/wp-cnet\/wp-json\/wp\/v2\/types\/post"}],"author":[{"embeddable":true,"href":"https:\/\/catolicanet.net\/wp-cnet\/wp-json\/wp\/v2\/users\/1"}],"replies":[{"embeddable":true,"href":"https:\/\/catolicanet.net\/wp-cnet\/wp-json\/wp\/v2\/comments?post=3441"}],"version-history":[{"count":1,"href":"https:\/\/catolicanet.net\/wp-cnet\/wp-json\/wp\/v2\/posts\/3441\/revisions"}],"predecessor-version":[{"id":7888,"href":"https:\/\/catolicanet.net\/wp-cnet\/wp-json\/wp\/v2\/posts\/3441\/revisions\/7888"}],"wp:attachment":[{"href":"https:\/\/catolicanet.net\/wp-cnet\/wp-json\/wp\/v2\/media?parent=3441"}],"wp:term":[{"taxonomy":"category","embeddable":true,"href":"https:\/\/catolicanet.net\/wp-cnet\/wp-json\/wp\/v2\/categories?post=3441"},{"taxonomy":"post_tag","embeddable":true,"href":"https:\/\/catolicanet.net\/wp-cnet\/wp-json\/wp\/v2\/tags?post=3441"}],"curies":[{"name":"wp","href":"https:\/\/api.w.org\/{rel}","templated":true}]}}