{"id":34385,"date":"2017-08-08T13:32:43","date_gmt":"2017-08-08T16:32:43","guid":{"rendered":"http:\/\/catolicanet.net\/wp-cnet\/?p=34385"},"modified":"2017-08-08T17:02:07","modified_gmt":"2017-08-08T20:02:07","slug":"oito-coisas-que-talvez-nao-conhecia-sobre-papa-paulo-vi","status":"publish","type":"post","link":"https:\/\/catolicanet.net\/wp-cnet\/oito-coisas-que-talvez-nao-conhecia-sobre-papa-paulo-vi\/","title":{"rendered":"Oito coisas que talvez n\u00e3o conhecia sobre Papa Paulo VI"},"content":{"rendered":"<p style=\"text-align: justify;\">REDA\u00c7\u00c3O CENTRAL, 08 Ago. 17 \/ 11:00 am (ACI).- Paulo VI, Giovanni Battista Montini, \u00e9 conhecido por ser o Pont\u00edfice que finalizou o Conc\u00edlio Vaticano II, que havia sido inaugurado pelo seu predecessor Jo\u00e3o XXIII.<\/p>\n<p>Entretanto, muitos acontecimentos importantes do seu pontificado s\u00e3o pouco conhecidos. Eram tempos em que os meios de comunica\u00e7\u00e3o n\u00e3o tinham o alcance que t\u00eam atualmente, com a internet e com as redes sociais.<\/p>\n<p>A seguir, confira oito coisas que voc\u00ea provavelmente n\u00e3o conhecia sobre o Beato Paulo VI:<\/p>\n<p>1. Em 27 de novembro de 1970, no Aeroporto Internacional de Manila (Filipinas), Paulo VI recebeu duas punhaladas do pintor boliviano Benjam\u00edn Mendoza y Amor Flores, que sofria de problemas mentais e que disfar\u00e7ado de sacerdote tentou assassinar o Pont\u00edfice com um punhal.<\/p>\n<p>2. Foi o primeiro Pont\u00edfice que usou avi\u00e3o em suas viagens.<\/p>\n<p>3. Foi o primeiro Pont\u00edfice que visitou os cinco continentes e, antes de S\u00e3o Jo\u00e3o Paulo II, ele j\u00e1 havia recebido o apelido de \u201cPapa Peregrino\u201d. Realizou uma visita pastoral ao continente africano; e tamb\u00e9m visitou a Col\u00f4mbia e os Estados Unidos, na Am\u00e9rica; Portugal, na Europa; Austr\u00e1lia, na Oceania; Filipinas e \u00cdndia, na \u00c1sia.<\/p>\n<p>4. Al\u00e9m disso, foi o primeiro Papa que visitou a Terra Santa. Em Jerusal\u00e9m, em 1964, encontrou-se com o patriarca ortodoxo Aten\u00e1goras I e celebraram juntos o levantamento das m\u00fatuas excomunh\u00f5es impostas depois do Grande Cisma entre o Oriente e o Ocidente, em 1054. O Papa Francisco visitou a Terra Santa em 2014 para celebrar os 50 anos deste acontecimento.<\/p>\n<p>5. Foi o \u00faltimo Pont\u00edfice que teve uma cerim\u00f4nia de coroa\u00e7\u00e3o e o primeiro a dispensar o uso da tiara, durante as sess\u00f5es do Conc\u00edlio Vaticano II. Eventualmente, doou a sua tiara, um presente da sua antiga Arquidiocese de Mil\u00e3o, \u00e0 Bas\u00edlica do Santu\u00e1rio Nacional da Imaculada Concei\u00e7\u00e3o, em Washington (Estados Unidos), como um sinal do seu apre\u00e7o pelos cat\u00f3licos norte-americanos.<\/p>\n<p>6. Exerceu o seu minist\u00e9rio sacerdotal durante 58 anos. Foi ordenado em 29 de maio de 1920 e faleceu no dia 6 de agosto de 1978.<\/p>\n<p>7. Nino Lo Bello, veterano \u201cvaticanista\u201d norte-americano, garantiu que Paulo VI, um apaixonado pela leitura, levava na sua bagagem durante suas viagens at\u00e9 75 livros para escolher quais ler.<\/p>\n<p>8. Paulo VI criou os cardeais Karol Wojtyla, em 1967, e Joseph Ratzinger, em 1977, que alguns anos depois foram os seus sucessores, S\u00e3o Jo\u00e3o Paulo II e Bento XVI, respectivamente.<\/p>\n<p>&nbsp;<\/p>\n<p>Fonte: Acidigital<\/p>\n","protected":false},"excerpt":{"rendered":"<p>REDA\u00c7\u00c3O CENTRAL, 08 Ago. 17 \/ 11:00 am (ACI).- Paulo VI, Giovanni Battista Montini, \u00e9 conhecido por ser o Pont\u00edfice que finalizou o Conc\u00edlio Vaticano II, que havia sido inaugurado pelo seu predecessor Jo\u00e3o XXIII. Entretanto, muitos acontecimentos importantes do seu pontificado s\u00e3o pouco conhecidos. Eram tempos em que os meios de comunica\u00e7\u00e3o n\u00e3o tinham [&hellip;]<\/p>\n","protected":false},"author":1,"featured_media":0,"comment_status":"open","ping_status":"closed","sticky":false,"template":"","format":"standard","meta":{"footnotes":""},"categories":[4],"tags":[],"class_list":["post-34385","post","type-post","status-publish","format-standard","hentry","category-cotidiano"],"_links":{"self":[{"href":"https:\/\/catolicanet.net\/wp-cnet\/wp-json\/wp\/v2\/posts\/34385","targetHints":{"allow":["GET"]}}],"collection":[{"href":"https:\/\/catolicanet.net\/wp-cnet\/wp-json\/wp\/v2\/posts"}],"about":[{"href":"https:\/\/catolicanet.net\/wp-cnet\/wp-json\/wp\/v2\/types\/post"}],"author":[{"embeddable":true,"href":"https:\/\/catolicanet.net\/wp-cnet\/wp-json\/wp\/v2\/users\/1"}],"replies":[{"embeddable":true,"href":"https:\/\/catolicanet.net\/wp-cnet\/wp-json\/wp\/v2\/comments?post=34385"}],"version-history":[{"count":1,"href":"https:\/\/catolicanet.net\/wp-cnet\/wp-json\/wp\/v2\/posts\/34385\/revisions"}],"predecessor-version":[{"id":34387,"href":"https:\/\/catolicanet.net\/wp-cnet\/wp-json\/wp\/v2\/posts\/34385\/revisions\/34387"}],"wp:attachment":[{"href":"https:\/\/catolicanet.net\/wp-cnet\/wp-json\/wp\/v2\/media?parent=34385"}],"wp:term":[{"taxonomy":"category","embeddable":true,"href":"https:\/\/catolicanet.net\/wp-cnet\/wp-json\/wp\/v2\/categories?post=34385"},{"taxonomy":"post_tag","embeddable":true,"href":"https:\/\/catolicanet.net\/wp-cnet\/wp-json\/wp\/v2\/tags?post=34385"}],"curies":[{"name":"wp","href":"https:\/\/api.w.org\/{rel}","templated":true}]}}