{"id":3438,"date":"2013-11-17T03:00:00","date_gmt":"2013-11-17T05:00:00","guid":{"rendered":"http:\/\/catolicanet.net\/wp-cnet\/por-que-o-mes-de-novembro-e-mes-das-almas\/"},"modified":"2017-03-24T10:30:35","modified_gmt":"2017-03-24T13:30:35","slug":"por-que-o-mes-de-novembro-e-mes-das-almas","status":"publish","type":"post","link":"https:\/\/catolicanet.net\/wp-cnet\/por-que-o-mes-de-novembro-e-mes-das-almas\/","title":{"rendered":"Por que o m\u00eas de Novembro \u00e9 m\u00eas das almas?"},"content":{"rendered":"<p style=\"text-align: justify;\">O \u00faltimo m\u00eas do ano lit\u00fargico, isto \u00e9, o m\u00eas de novembro, \u00e9 dedicado \u00e0s reflex\u00f5es escatol\u00f3gicas. Somos chamados e preparar-nos, sem medo, para o momento derradeiro de nossa vida terrena. Por isso, neste m\u00eas, e j\u00e1 vai este pela sua metade, somos motivados a rezar em favor dos que j\u00e1 foram. <br \/>O livro dos Macabeus, na B\u00edblia, nos diz: Santo e piedoso costume \u00e9 o de orar pelos mortos (Mb.12,46). Rezamos, de forma especial, em todo o m\u00eas de novembro, pelos nossos entes queridos e por todos os que j\u00e1 passaram desta realidade terrena, privilegiando ainda o dia 2, dia de finados, para tais ora\u00e7\u00f5es. Nossa prece por eles \u00e9, na verdade, um hino \u00e0 vida. Nossa f\u00e9 nos ensina que n\u00e3o fomos criados para morrer, mas para viver. Afirma Santo Ambr\u00f3sio, Bispo de Mil\u00e3o no s\u00e9culo quarto, que a morte n\u00e3o era da natureza, mas converteu-se em natureza. No princ\u00edpio, Deus n\u00e3o fez a morte, mas deu-a como rem\u00e9dio. Pela prevarica\u00e7\u00e3o, condenada ao trabalho de cada dia e ao gemido intoler\u00e1vel, a vida dos homens come\u00e7ou a ser miser\u00e1vel. Era preciso dar fim aos males, para que a morte restitu\u00edsse o que a vida perdera. Assim, o que nos move ao rezar pelos mortos \u00e9 a certeza de que ressuscitaremos. Somos impulsionados pela plena convic\u00e7\u00e3o de que nossos mortos n\u00e3o est\u00e3o aniquilados, mas est\u00e3o a caminho de Deus, na santa purifica\u00e7\u00e3o do purgat\u00f3rio. Certos tamb\u00e9m somos de que muitos j\u00e1 se encontram na Casa definitiva do Pai, uma vez que Jesus disse a Dimas no alto do Calv\u00e1rio: Hoje mesmo estar\u00e1s comigo no Para\u00edso (Lc 23,43). Como Dimas, muitos outros, pela miseric\u00f3rdia divina, se encontram l\u00e1 e n\u00f3s os chamamos santos, pois j\u00e1 est\u00e3o na posse perfeita de Deus, imersos na santidade Dele, \u00fanico e verdadeiro Santo. <br \/>Celebramos a Eucaristia em nossos cemit\u00e9rios, pois s\u00e3o lugares santos, onde depositamos respeitosamente os corpos de nossos irm\u00e3os falecidos, santificados pela \u00e1gua batismal. Os cemit\u00e9rios s\u00e3o territ\u00f3rio sagrado, s\u00e3o espa\u00e7os simb\u00f3licos, nos quais elevamos nossas preces em favor dos que j\u00e1 partiram, celebrando a vit\u00f3ria da vida sobre a morte, repetindo o que nos diz a carta aos Cor\u00edntios: Onde est\u00e1 a tua vit\u00f3ria, \u00f3 morte?! (I Cor. 15, 55). A Eucaristia \u00e9 fonte de vida, pois proclama a ressurrei\u00e7\u00e3o de Cristo, enquanto esperamos sua volta. Com viva f\u00e9, nos celebra\u00e7\u00f5es dos finados, rezamos creio em Jesus Cristo que foi crucificado, morto e sepultado e ressuscitou ao terceiro dia. Tamb\u00e9m repetimos com toda a Igreja: O Senhor, de novo h\u00e1 de vir, em sua gl\u00f3ria, para julgar os vivos e os mortos.<br \/>H\u00e1, hoje uma cultura da morte estabelecida, onde se pode enxergar absurdos como assassinatos praticamente di\u00e1rios,\u00a0 roubos e furtos a m\u00e3o armada,\u00a0 viol\u00eancia e falta de seguran\u00e7a, movimentos favor\u00e1veis \u00e0 legaliza\u00e7\u00e3o do aborto, da eutan\u00e1sia&#8230;<br \/>A f\u00e9 cat\u00f3lica \u00e9 totalmente incompat\u00edvel com a cultura da morte, pois ela se baseia na vida que para n\u00f3s Cristo conquistou com seu sangue na cruz, ressuscitando ao terceiro dia, conforme as escrituras.<br \/>A ocasi\u00e3o do m\u00eas de novembro seja para n\u00f3s um canto \u00e0 liturgia da vida, uma s\u00faplica para que o Senhor defenda a P\u00e1tria brasileira das for\u00e7as que cultuam a morte em lugar de defenderem a vida.\u00a0 <br \/>Somos obra do Criador.\u00a0 Se passamos pela escurid\u00e3o da morte, vamos para a claridade infinita da ressurrei\u00e7\u00e3o, ao abra\u00e7o definitivo com Deus que nos criou para viver e n\u00e3o para morrer.<\/p>\n<p>Dom Gil Ant\u00f4nio Moreira<br \/>Arcebispo Metropolitano de Juiz de Fora<\/p>\n","protected":false},"excerpt":{"rendered":"<p>O \u00faltimo m\u00eas do ano lit\u00fargico, isto \u00e9, o m\u00eas de novembro, \u00e9 dedicado \u00e0s reflex\u00f5es escatol\u00f3gicas. Somos chamados e preparar-nos, sem medo, para o momento derradeiro de nossa vida terrena. Por isso, neste m\u00eas, e j\u00e1 vai este pela sua metade, somos motivados a rezar em favor dos que j\u00e1 foram. O livro dos [&hellip;]<\/p>\n","protected":false},"author":1,"featured_media":0,"comment_status":"closed","ping_status":"closed","sticky":false,"template":"","format":"standard","meta":{"footnotes":""},"categories":[4],"tags":[],"class_list":["post-3438","post","type-post","status-publish","format-standard","hentry","category-cotidiano"],"_links":{"self":[{"href":"https:\/\/catolicanet.net\/wp-cnet\/wp-json\/wp\/v2\/posts\/3438","targetHints":{"allow":["GET"]}}],"collection":[{"href":"https:\/\/catolicanet.net\/wp-cnet\/wp-json\/wp\/v2\/posts"}],"about":[{"href":"https:\/\/catolicanet.net\/wp-cnet\/wp-json\/wp\/v2\/types\/post"}],"author":[{"embeddable":true,"href":"https:\/\/catolicanet.net\/wp-cnet\/wp-json\/wp\/v2\/users\/1"}],"replies":[{"embeddable":true,"href":"https:\/\/catolicanet.net\/wp-cnet\/wp-json\/wp\/v2\/comments?post=3438"}],"version-history":[{"count":1,"href":"https:\/\/catolicanet.net\/wp-cnet\/wp-json\/wp\/v2\/posts\/3438\/revisions"}],"predecessor-version":[{"id":7893,"href":"https:\/\/catolicanet.net\/wp-cnet\/wp-json\/wp\/v2\/posts\/3438\/revisions\/7893"}],"wp:attachment":[{"href":"https:\/\/catolicanet.net\/wp-cnet\/wp-json\/wp\/v2\/media?parent=3438"}],"wp:term":[{"taxonomy":"category","embeddable":true,"href":"https:\/\/catolicanet.net\/wp-cnet\/wp-json\/wp\/v2\/categories?post=3438"},{"taxonomy":"post_tag","embeddable":true,"href":"https:\/\/catolicanet.net\/wp-cnet\/wp-json\/wp\/v2\/tags?post=3438"}],"curies":[{"name":"wp","href":"https:\/\/api.w.org\/{rel}","templated":true}]}}