{"id":34354,"date":"2017-08-07T17:12:36","date_gmt":"2017-08-07T20:12:36","guid":{"rendered":"http:\/\/catolicanet.net\/wp-cnet\/?p=34354"},"modified":"2017-08-08T15:52:28","modified_gmt":"2017-08-08T18:52:28","slug":"fotos-de-enorme-robo-aranha-em-catedral-do-canada-repercutem-nas-redes","status":"publish","type":"post","link":"https:\/\/catolicanet.net\/wp-cnet\/fotos-de-enorme-robo-aranha-em-catedral-do-canada-repercutem-nas-redes\/","title":{"rendered":"Fotos de enorme \u201crob\u00f4 aranha\u201d em Catedral do Canad\u00e1 repercutem nas redes"},"content":{"rendered":"<p style=\"text-align: justify;\">OTTAWA, 07 Ago. 17 \/ 04:00 pm (ACI).- No final de julho, uma enorme aranha foi vista descendo da Catedral de Notre Dame, em Ottawa, Canad\u00e1, e as fotos divulgadas repercutiram nas redes sociais.<\/p>\n<p>Longe de ser um aparelho de filmes de terror, a aranha rob\u00f3tica fez parte de um evento para a companhia francesa de teatro de rua La Machine, que estava estreando naquela noite, em 27 de julho, o seu espet\u00e1culo no Canad\u00e1, na celebra\u00e7\u00e3o dos 150 anos do pa\u00eds.<\/p>\n<p>O nome da aranha \u00e9 Kumo.<\/p>\n<p>Todas as licen\u00e7as foram solicitadas e permitidas pelo Arcebispo de Ottawa, Dom Terrence Prendergast. O Prelado descreveu o espet\u00e1culo como uma oportunidade de retribuir \u00e0 comunidade local.<\/p>\n<p>Foto: Ottawa2017 \/ Patrick Haag.<\/p>\n<p>\u201cEste evento comemora os 150 anos da Confedera\u00e7\u00e3o do Canad\u00e1\u201d, disse o Arcebispo em um comunicado.<\/p>\n<p>O espet\u00e1culo, disse, \u201coferece uma oportunidade para a Arquidiocese, para a comunidade cat\u00f3lica e para a Bas\u00edlica Catedral, para colaborar com a cidade e com os organizadores para promover uma rela\u00e7\u00e3o positiva com a comunidade em geral\u201d.<\/p>\n<p>O comunicado do site de Dom Prendergast considera o evento \u201cuma oportunidade para uma rela\u00e7\u00e3o c\u00edvica positiva ao unir-se a celebra\u00e7\u00e3o da Capital, pelos nossos 150 anos, Ottawa 2017\u201d.<\/p>\n<p>Entretanto, o evento tamb\u00e9m foi criticado como \u201csacril\u00e9gio\u201d e inclusive \u201cblasfemo\u201d ou \u201cdemon\u00edaco\u201d. Dom Terrence recha\u00e7ou essas preocupa\u00e7\u00f5es, mas destacou o valor simb\u00f3lico do evento.<\/p>\n<p>\u201cNa medida em que vimos o simbolismo foi que, depois de tudo, Nossa Senhora continuar\u00e1 reinando, algo que eu mencionei em um tu\u00edte depois do espet\u00e1culo da quinta-feira, enquanto as pessoas, que respeito, come\u00e7aram a expressar as suas obje\u00e7\u00f5es\u201d, disse.<\/p>\n<p>O planejamento do evento come\u00e7ou no ano passado. Os organizadores esperavam dar a impress\u00e3o de que Kumo estava se aproximando de outra grande escultura de aranha, chamada de \u201cmama\u201d, diante da Galeria Nacional de Arte, em frente \u00e0 Catedral.<\/p>\n<p>O espet\u00e1culo come\u00e7ou com Kumo \u201cacordando\u201d, com a m\u00fasica do \u00f3rg\u00e3o da igreja.<\/p>\n<p>Vale destacar que na \u00e9poca medieval, espet\u00e1culos em frente \u00e0s igrejas eram comuns, muitas vezes representando acontecimentos b\u00edblicos.<\/p>\n<p>O rob\u00f4 aranha gigante chamou muita aten\u00e7\u00e3o no Twitter, onde inclusive motivou uma conta de par\u00f3dia.<\/p>\n<p>&nbsp;<\/p>\n<p>Fonte: Acidigital<\/p>\n","protected":false},"excerpt":{"rendered":"<p>OTTAWA, 07 Ago. 17 \/ 04:00 pm (ACI).- No final de julho, uma enorme aranha foi vista descendo da Catedral de Notre Dame, em Ottawa, Canad\u00e1, e as fotos divulgadas repercutiram nas redes sociais. Longe de ser um aparelho de filmes de terror, a aranha rob\u00f3tica fez parte de um evento para a companhia francesa [&hellip;]<\/p>\n","protected":false},"author":1,"featured_media":34355,"comment_status":"open","ping_status":"closed","sticky":false,"template":"","format":"standard","meta":{"footnotes":""},"categories":[4],"tags":[],"class_list":["post-34354","post","type-post","status-publish","format-standard","has-post-thumbnail","hentry","category-cotidiano"],"_links":{"self":[{"href":"https:\/\/catolicanet.net\/wp-cnet\/wp-json\/wp\/v2\/posts\/34354","targetHints":{"allow":["GET"]}}],"collection":[{"href":"https:\/\/catolicanet.net\/wp-cnet\/wp-json\/wp\/v2\/posts"}],"about":[{"href":"https:\/\/catolicanet.net\/wp-cnet\/wp-json\/wp\/v2\/types\/post"}],"author":[{"embeddable":true,"href":"https:\/\/catolicanet.net\/wp-cnet\/wp-json\/wp\/v2\/users\/1"}],"replies":[{"embeddable":true,"href":"https:\/\/catolicanet.net\/wp-cnet\/wp-json\/wp\/v2\/comments?post=34354"}],"version-history":[{"count":1,"href":"https:\/\/catolicanet.net\/wp-cnet\/wp-json\/wp\/v2\/posts\/34354\/revisions"}],"predecessor-version":[{"id":34356,"href":"https:\/\/catolicanet.net\/wp-cnet\/wp-json\/wp\/v2\/posts\/34354\/revisions\/34356"}],"wp:featuredmedia":[{"embeddable":true,"href":"https:\/\/catolicanet.net\/wp-cnet\/wp-json\/wp\/v2\/media\/34355"}],"wp:attachment":[{"href":"https:\/\/catolicanet.net\/wp-cnet\/wp-json\/wp\/v2\/media?parent=34354"}],"wp:term":[{"taxonomy":"category","embeddable":true,"href":"https:\/\/catolicanet.net\/wp-cnet\/wp-json\/wp\/v2\/categories?post=34354"},{"taxonomy":"post_tag","embeddable":true,"href":"https:\/\/catolicanet.net\/wp-cnet\/wp-json\/wp\/v2\/tags?post=34354"}],"curies":[{"name":"wp","href":"https:\/\/api.w.org\/{rel}","templated":true}]}}