{"id":34340,"date":"2017-08-07T15:30:45","date_gmt":"2017-08-07T18:30:45","guid":{"rendered":"http:\/\/catolicanet.net\/wp-cnet\/?p=34340"},"modified":"2017-08-08T15:40:54","modified_gmt":"2017-08-08T18:40:54","slug":"diminuicao-progressiva-de-catolicos-no-brasil-ate-que-ponto","status":"publish","type":"post","link":"https:\/\/catolicanet.net\/wp-cnet\/diminuicao-progressiva-de-catolicos-no-brasil-ate-que-ponto\/","title":{"rendered":"Diminui\u00e7\u00e3o progressiva de cat\u00f3licos no Brasil: at\u00e9 que ponto?"},"content":{"rendered":"<p style=\"text-align: justify;\">Com base nos dados de hoje, cat\u00f3licos deixar\u00e3o de ser maioria no pa\u00eds em pouco mais de 10 anos<\/p>\n<p>Disse o Papa Francisco:<\/p>\n<p>\u201cH\u00e1 quem se aproxime de uma par\u00f3quia, por exemplo, \u00e0 procura de paz, respeito, do\u00e7ura, e encontra lutas internas entre os fi\u00e9is. Em vez da do\u00e7ura encontra a intriga, a maledic\u00eancia, as competi\u00e7\u00f5es, as concorr\u00eancias, um contra o outro\u201d. A \u201cambi\u00e7\u00e3o\u201d, a \u201cinveja\u201d, o \u201cci\u00fame\u201d nas par\u00f3quias e grupos distanciam quem se (re)aproxima da Igreja: \u201cSomos n\u00f3s a afast\u00e1-los\u201d. E n\u00e3o deixamos que o trabalho que faz o Esp\u00edrito Santo, de atrair as pessoas, continue\u201d (1).<\/p>\n<p>Em pouco mais de sete anos, 67.951 organiza\u00e7\u00f5es religiosas ou instala\u00e7\u00f5es filos\u00f3ficas foram fundadas em nossa p\u00e1tria. A expans\u00e3o das cren\u00e7as religiosas tornou-se um dos fen\u00f4menos mais importantes do Brasil nos \u00faltimos anos. No total, desde janeiro de 2010, 67.951 entidades classificadas como \u201corganiza\u00e7\u00e3o religiosa ou filos\u00f3fica\u201d ao organismo competente, uma m\u00e9dia de 25 por dia foram registradas. De acordo com o jornal O Globo, a enorme expans\u00e3o pode ser explicada por v\u00e1rias raz\u00f5es, incluindo a relativa facilidade burocr\u00e1tica do procedimento, o crescimento da f\u00e9 pentecostal e at\u00e9 mesmo a crise econ\u00f4mica que afeta o pa\u00eds e que leva as pessoas a procurar solu\u00e7\u00f5es para seus problemas (2).<\/p>\n<p>Em fins de 2016, o Instituto Datafolha publicou uma pesquisa que fez ressoar uma campainha de alarme na Confer\u00eancia Nacional dos Bispos do Brasil (CNBB). O estudo mostra que, nos \u00faltimos dois anos, 9 milh\u00f5es de pessoas abandonaram o catolicismo no pa\u00eds. Em 2014, a porcentagem da popula\u00e7\u00e3o que declarava ser cat\u00f3lica era de 60%, ao passo que em dezembro de 2016 baixou para 50%. No mesmo per\u00edodo, os fi\u00e9is pentecostais ou neopentecostais passaram de 18% a 22%. Embora a recente baixa na porcentagem de cat\u00f3licos n\u00e3o tenha sido acompanhada por uma ampla expans\u00e3o dos fi\u00e9is pentecostais ou neopentecostais, o que preocupa os bispos \u00e9 outro dado: a metade dos que declaram ser pentecostais ou neopentecostais prov\u00e9m da Igreja Cat\u00f3lica, onde haviam crescido.<\/p>\n<p>Recentemente, a CNBB organizou um encontro para discutir o crescimento das igrejas pentecostais e neopentecostais. As conclus\u00f5es identificam diversas causas: os evang\u00e9licos contam com uma estrutura mais din\u00e2mica e podem chegar \u00e0s pessoas de uma forma mais r\u00e1pida, em qualquer lugar onde estejam; aproveitam a ingenuidade ou a m\u00e1 forma\u00e7\u00e3o dos cat\u00f3licos \u2013 sobretudo, os que vivem nas zonas rurais ou nas periferias das grandes cidades \u2013 e levam adiante uma intensa propaganda contra o catolicismo; por \u00faltimo, os evang\u00e9licos recorrem a uma forte carga emocional para atrair as pessoas (3).<br \/>\nA perda acelerada de cat\u00f3licos no Brasil<\/p>\n<p style=\"text-align: justify;\"><img decoding=\"async\" src=\"http:\/\/www.catolicanet.com.br\/images\/stories\/noticias2017\/grafico-1.jpg\" border=\"0\" \/><\/p>\n<p>O Instituto Datafolha tem feito pesquisas sobre o perfil religioso da popula\u00e7\u00e3o brasileira. O que estas pesquisas confirmam \u00e9 aquilo que os censos demogr\u00e1ficos mostram com bastante clareza: o Brasil est\u00e1 passando por uma transi\u00e7\u00e3o religiosa. Os cat\u00f3licos perdem espa\u00e7o e encolhem ao longo do tempo. Os evang\u00e9licos, em suas diferentes denomina\u00e7\u00f5es, s\u00e3o o grupo que mais cresce. Aumentam as demais denomina\u00e7\u00f5es n\u00e3o crist\u00e3s e o n\u00famero de pessoas que se declaram sem religi\u00e3o. Isto quer dizer que o Brasil est\u00e1 passando por uma mudan\u00e7a de hegemonia entre os dois grupos crist\u00e3os (cat\u00f3licos e evang\u00e9licos), ao mesmo tempo em que aumenta a pluralidade religiosa, pois cresce e se diversifica a propor\u00e7\u00e3o das filia\u00e7\u00f5es n\u00e3o crist\u00e3s.<\/p>\n<p>Nos 22 anos da s\u00e9rie Datafolha, os cat\u00f3licos ca\u00edram 25%, os evang\u00e9licos subiram 15%, os sem religi\u00e3o aumentaram 9% e as outras religi\u00f5es tiveram um ligeiro aumento de 1%. A perda dos cat\u00f3licos tem sido de 1,14% ao ano, enquanto os evang\u00e9licos crescem 0,68% ao ano. Fazendo uma proje\u00e7\u00e3o linear destas tend\u00eancias at\u00e9 2040, percebe-se que, em 2028, os evang\u00e9licos (com 37,2%) v\u00e3o ultrapassar os cat\u00f3licos (com 36,4%). Em 2040, os cat\u00f3licos cairiam para 22,7% e os evang\u00e9licos subiriam para 45,4%. Os crist\u00e3os (cat\u00f3licos + evang\u00e9licos), que eram 79% em 1994, ca\u00edram para 73,6% em 2016 e devem ficar em 68% em 2040, conforme mostra o gr\u00e1fico abaixo.<\/p>\n<p style=\"text-align: justify;\"><img decoding=\"async\" src=\"http:\/\/www.catolicanet.com.br\/images\/stories\/noticias2017\/grafico-2.jpg\" border=\"0\" \/><\/p>\n<p style=\"text-align: justify;\">Crescimento dos \u201cdesigrejados\u201d no Brasil<\/p>\n<p>Crescimento ainda mais espantoso apresentou o grupo de evang\u00e9licos que se declararam \u201csem v\u00ednculo denominacional\u201d, denominado de \u201cdesigrejados\u201d. Nos dez anos separando os censos de 2000 e 2010, o n\u00famero de evang\u00e9licos assim declarados partiu de pouco mais de 1 milh\u00e3o de pessoas para impressionantes 9.218.129 de crentes brasileiros: um crescimento de mais de 780%. Nenhum outro grupo de evang\u00e9licos arrolados no censo experimentou crescimento semelhante. O conjunto da popula\u00e7\u00e3o evang\u00e9lica cresceu 61,45% e a denomina\u00e7\u00e3o com o maior crescimento foi a Assembleia de Deus, com 46,28% (com 8,4 milh\u00f5es de fi\u00e9is em 2000 e 12,5 milh\u00f5es de fi\u00e9is em 2010).<\/p>\n<p>O grupo \u201cevang\u00e9licos sem v\u00ednculo denominacional\u201d foi o maior respons\u00e1vel pelo crescimento da popula\u00e7\u00e3o evang\u00e9lica brasileira e representa hoje 21,8% do total dos evang\u00e9licos, sendo um grupo maior, portanto, do que a soma de todos os crentes vinculados a denomina\u00e7\u00f5es evang\u00e9licas de miss\u00e3o (presbiterianos, metodistas, batistas, luteranos, congregacionais, adventistas e outros), os quais somam pouco mais de 7,6 milh\u00f5es de evang\u00e9licos (4).<\/p>\n<p>\u00c9 de grande relev\u00e2ncia ressaltar o crescimento do islamismo em nosso pa\u00eds: cerca de 1,5 milh\u00e3o (5).<br \/>\nConclus\u00e3o<\/p>\n<p>N\u00e3o h\u00e1 como conter o vulc\u00e3o do crescimento do pentecostalismo, das seitas, dos sem-religi\u00e3o, dos \u201cdesigrejados\u201d no Brasil. O esquema montado e executado com agressividade proselitista encurrala e promove decad\u00eancia nas igrejas crist\u00e3s hist\u00f3ricas. O esquema \u00e9 o seguinte: poder financeiro, conchavo pol\u00edtico, m\u00eddia, espetaculariza\u00e7\u00e3o e show religioso, culto \u00e0 personalidade, manipula\u00e7\u00e3o pela gan\u00e2ncia de uma vida melhor via teologia da prosperidade e teologia da retribui\u00e7\u00e3o, que barganha o c\u00e9u pelos d\u00edzimos e ofertas, al\u00e9m de doutrina\u00e7\u00e3o e domina\u00e7\u00e3o de fi\u00e9is como mina de ouro, de votos e de sustenta\u00e7\u00e3o de poder econ\u00f4mico, pol\u00edtico e religioso. \u00c9 muito triste contemplar pessoas de boa f\u00e9 sustentarem imp\u00e9rios religiosos corruptos.<\/p>\n<p>Resta aos seguidores de Jesus de Nazar\u00e9 viver de fato e de verdade o Seu ensinamento de amor, ajudar os necessitados, praticar a justi\u00e7a, acolher na comunidade com esp\u00edrito fraterno e, com a vida, anunciar a Boa Nova do Reino de Deus.<\/p>\n<p>&nbsp;<\/p>\n<p><strong>Frei In\u00e1cio Jos\u00e9 do Vale<\/strong><br \/>\nProfessor e Conferencista<br \/>\nSoci\u00f3logo em Ci\u00eancia da Religi\u00e3o<br \/>\nDoutor em Hist\u00f3ria do Cristianismo<br \/>\nFormador dos Irm\u00e3ozinhos da Fraternidade de Charles de Foucauld<br \/>\nE-mail:\u00a0<a href=\"mailto:pe.inacio.jose@gmail.com\">pe.inacio.jose@gmail.com<\/a><\/p>\n<p>&nbsp;<\/p>\n<p>Fonte: Aleteia<\/p>\n","protected":false},"excerpt":{"rendered":"<p>Com base nos dados de hoje, cat\u00f3licos deixar\u00e3o de ser maioria no pa\u00eds em pouco mais de 10 anos Disse o Papa Francisco: \u201cH\u00e1 quem se aproxime de uma par\u00f3quia, por exemplo, \u00e0 procura de paz, respeito, do\u00e7ura, e encontra lutas internas entre os fi\u00e9is. Em vez da do\u00e7ura encontra a intriga, a maledic\u00eancia, as [&hellip;]<\/p>\n","protected":false},"author":1,"featured_media":34341,"comment_status":"open","ping_status":"closed","sticky":false,"template":"","format":"standard","meta":{"footnotes":""},"categories":[4],"tags":[],"class_list":["post-34340","post","type-post","status-publish","format-standard","has-post-thumbnail","hentry","category-cotidiano"],"_links":{"self":[{"href":"https:\/\/catolicanet.net\/wp-cnet\/wp-json\/wp\/v2\/posts\/34340","targetHints":{"allow":["GET"]}}],"collection":[{"href":"https:\/\/catolicanet.net\/wp-cnet\/wp-json\/wp\/v2\/posts"}],"about":[{"href":"https:\/\/catolicanet.net\/wp-cnet\/wp-json\/wp\/v2\/types\/post"}],"author":[{"embeddable":true,"href":"https:\/\/catolicanet.net\/wp-cnet\/wp-json\/wp\/v2\/users\/1"}],"replies":[{"embeddable":true,"href":"https:\/\/catolicanet.net\/wp-cnet\/wp-json\/wp\/v2\/comments?post=34340"}],"version-history":[{"count":1,"href":"https:\/\/catolicanet.net\/wp-cnet\/wp-json\/wp\/v2\/posts\/34340\/revisions"}],"predecessor-version":[{"id":34342,"href":"https:\/\/catolicanet.net\/wp-cnet\/wp-json\/wp\/v2\/posts\/34340\/revisions\/34342"}],"wp:featuredmedia":[{"embeddable":true,"href":"https:\/\/catolicanet.net\/wp-cnet\/wp-json\/wp\/v2\/media\/34341"}],"wp:attachment":[{"href":"https:\/\/catolicanet.net\/wp-cnet\/wp-json\/wp\/v2\/media?parent=34340"}],"wp:term":[{"taxonomy":"category","embeddable":true,"href":"https:\/\/catolicanet.net\/wp-cnet\/wp-json\/wp\/v2\/categories?post=34340"},{"taxonomy":"post_tag","embeddable":true,"href":"https:\/\/catolicanet.net\/wp-cnet\/wp-json\/wp\/v2\/tags?post=34340"}],"curies":[{"name":"wp","href":"https:\/\/api.w.org\/{rel}","templated":true}]}}