{"id":34327,"date":"2017-08-07T14:00:25","date_gmt":"2017-08-07T17:00:25","guid":{"rendered":"http:\/\/catolicanet.net\/wp-cnet\/?p=34327"},"modified":"2017-08-08T15:29:12","modified_gmt":"2017-08-08T18:29:12","slug":"bispo-esclarece-declaracoes-sobre-homossexualidade-como-dom-de-deus","status":"publish","type":"post","link":"https:\/\/catolicanet.net\/wp-cnet\/bispo-esclarece-declaracoes-sobre-homossexualidade-como-dom-de-deus\/","title":{"rendered":"Bispo esclarece declara\u00e7\u00f5es sobre homossexualidade como \u201cdom de Deus\u201d"},"content":{"rendered":"<p style=\"text-align: justify;\">NATAL, 07 Ago. 17 \/ 01:00 pm (ACI).- O Bispo da Diocese de Caic\u00f3 (RN), Dom Ant\u00f4nio Carlos Cruz Santos, publicou uma nota de esclarecimento, na qual comenta declara\u00e7\u00f5es suas repercutidas na internet, nas que ele afirma que a homossexualidade \u201c\u00e9 um dom de Deus\u201d.<\/p>\n<p>No dia 30 de julho, durante Missa de encerramento da festa de Sant\u2019Ana, padroeira da Diocese de Caic\u00f3, Dom Ant\u00f4nio Cruz comentou sobre uma entrevista que tinha ouvido sobre uma disserta\u00e7\u00e3o de mestrado que abordava a quest\u00e3o do suic\u00eddio e travestis e transexuais.<\/p>\n<p>Ao falar sobre a homossexualidade, o Bispo declarou que \u201cna perspectiva da f\u00e9\u201d, \u201ca gente n\u00e3o pode dizer que \u00e9 op\u00e7\u00e3o\u201d.<\/p>\n<p>\u201cOp\u00e7\u00e3o \u00e9 alguma coisa que livremente voc\u00ea escolhe e orienta\u00e7\u00e3o ningu\u00e9m escolhe. Um dia a pessoa se descobre com esta ou aquela orienta\u00e7\u00e3o. Escolha ser\u00e1 a maneira como voc\u00ea vai viver a sua orienta\u00e7\u00e3o. Se de uma forma digna, \u00e9tica, ou, de uma forma prom\u00edscua. Mas promiscuidade pode-se viver em qualquer uma das orienta\u00e7\u00f5es que se tem\u201d.<\/p>\n<p>\u201cEnt\u00e3o \u2013 continuou o Prelado \u2013, j\u00e1 que n\u00e3o \u00e9 escolha, j\u00e1 que n\u00e3o \u00e9 op\u00e7\u00e3o, j\u00e1 que a organiza\u00e7\u00e3o mundial da sa\u00fade, desde a d\u00e9cada de 90 n\u00e3o considera mais como doen\u00e7a, na perspectiva da f\u00e9, n\u00f3s s\u00f3 temos uma resposta. Se n\u00e3o \u00e9 escolha, se n\u00e3o \u00e9 doen\u00e7a, na perspectiva da f\u00e9, s\u00f3 pode ser um dom. \u00c9 dado por Deus. Dom \u00e9 isso: \u00e9 dado por Deus\u201d.<\/p>\n<p>Segundo o Prelado, em nota de esclarecimento, ele abordou o tema \u201cdos irm\u00e3os e irm\u00e3s com orienta\u00e7\u00e3o homoafetiva, procurando enxerg\u00e1-los de uma forma evang\u00e9lica\u201d. \u201cPor isso me dirigi aos que sofrem por causa desta condi\u00e7\u00e3o\u201d, indicou na missiva publicada no site da Diocese no domingo, 6 de agosto.<\/p>\n<p>Diante da repercuss\u00e3o das declara\u00e7\u00f5es, Dom Ant\u00f4nio pontuou na sua nota de esclarecimento ter \u201ctotal convic\u00e7\u00e3o que n\u00e3o agi de m\u00e1 f\u00e9 nem quis induzir ningu\u00e9m ao erro\u201d.<\/p>\n<p>De acordo com ele, sua \u201cpreocupa\u00e7\u00e3o ao abordar tema t\u00e3o delicado, \u00e9 de car\u00e1ter eminentemente pastoral e busca acolher, no contexto de nossa Igreja Particular, as orienta\u00e7\u00f5es da Igreja sobre esta quest\u00e3o, desenvolvidas e aprofundadas nos dec\u00eanios\u201d.<\/p>\n<p>O Prelado citou ainda o Catecismo da Igreja Cat\u00f3lica, que em seu numeral 2358 afirma que: \u201cUm n\u00famero consider\u00e1vel de homens e mulheres apresenta tend\u00eancias homossexuais profundamente radicadas. Esta propens\u00e3o, objetivamente desordenada, constitui, para a maior parte deles, uma prova\u00e7\u00e3o. Devem ser acolhidos com respeito, compaix\u00e3o e delicadeza. Evitar-se-\u00e1, em rela\u00e7\u00e3o a eles, qualquer sinal de discrimina\u00e7\u00e3o injusta. Estas pessoas s\u00e3o chamadas a realizar na sua vida a vontade de Deus e, se forem crist\u00e3s, a unir ao sacrif\u00edcio da cruz do Senhor as dificuldades que podem encontrar devido \u00e0 sua condi\u00e7\u00e3o\u201d.<\/p>\n<p>Al\u00e9m disso, precisou que, com a sua reflex\u00e3o, \u201cem clima de ora\u00e7\u00e3o, enquanto pastor que se comove diante das fragilidades do seu rebanho, sem querer minimizar as dimens\u00f5es doutrinal e moral que a mat\u00e9ria em quest\u00e3o envolve, minha inten\u00e7\u00e3o \u00e9 de salvar vidas, contribuindo para que possamos superar os preconceitos que matam e entrar na din\u00e2mica da miseric\u00f3rdia de Deus que respeita, resgata e salva as pessoas\u201d.<\/p>\n<p>\u201cHumildemente confesso que este \u00e9 o sentimento de um pastor que busca assimilar, no exerc\u00edcio concreto do seu minist\u00e9rio, a mesma compaix\u00e3o do Bom Pastor, que busca \u2018ter o cheiro das ovelhas\u2019 e que, como Pai, preocupa-se pela salva\u00e7\u00e3o e pela dignidade da vida dos seus filhos\u201d, acrescentou.<\/p>\n<p>Por fim, afirmou que ama a Igreja, professa e aceita toda a sua doutrina e, em raz\u00e3o da \u201cprometida fidelidade ao Sucessor de Pedro, o Papa Francisco\u201d, procura \u201ccolocar em pr\u00e1tica os ensinamentos do seu magist\u00e9rio e suas orienta\u00e7\u00f5es pastorais sobre o tema em quest\u00e3o\u201d.<\/p>\n<p>Confira a nota de esclarecimento completa no site da Diocese de Caic\u00f3.<\/p>\n<p>&nbsp;<\/p>\n<p>Fonte: Acidigital<\/p>\n","protected":false},"excerpt":{"rendered":"<p>NATAL, 07 Ago. 17 \/ 01:00 pm (ACI).- O Bispo da Diocese de Caic\u00f3 (RN), Dom Ant\u00f4nio Carlos Cruz Santos, publicou uma nota de esclarecimento, na qual comenta declara\u00e7\u00f5es suas repercutidas na internet, nas que ele afirma que a homossexualidade \u201c\u00e9 um dom de Deus\u201d. No dia 30 de julho, durante Missa de encerramento da [&hellip;]<\/p>\n","protected":false},"author":1,"featured_media":34328,"comment_status":"open","ping_status":"closed","sticky":false,"template":"","format":"standard","meta":{"footnotes":""},"categories":[4],"tags":[],"class_list":["post-34327","post","type-post","status-publish","format-standard","has-post-thumbnail","hentry","category-cotidiano"],"_links":{"self":[{"href":"https:\/\/catolicanet.net\/wp-cnet\/wp-json\/wp\/v2\/posts\/34327","targetHints":{"allow":["GET"]}}],"collection":[{"href":"https:\/\/catolicanet.net\/wp-cnet\/wp-json\/wp\/v2\/posts"}],"about":[{"href":"https:\/\/catolicanet.net\/wp-cnet\/wp-json\/wp\/v2\/types\/post"}],"author":[{"embeddable":true,"href":"https:\/\/catolicanet.net\/wp-cnet\/wp-json\/wp\/v2\/users\/1"}],"replies":[{"embeddable":true,"href":"https:\/\/catolicanet.net\/wp-cnet\/wp-json\/wp\/v2\/comments?post=34327"}],"version-history":[{"count":2,"href":"https:\/\/catolicanet.net\/wp-cnet\/wp-json\/wp\/v2\/posts\/34327\/revisions"}],"predecessor-version":[{"id":34330,"href":"https:\/\/catolicanet.net\/wp-cnet\/wp-json\/wp\/v2\/posts\/34327\/revisions\/34330"}],"wp:featuredmedia":[{"embeddable":true,"href":"https:\/\/catolicanet.net\/wp-cnet\/wp-json\/wp\/v2\/media\/34328"}],"wp:attachment":[{"href":"https:\/\/catolicanet.net\/wp-cnet\/wp-json\/wp\/v2\/media?parent=34327"}],"wp:term":[{"taxonomy":"category","embeddable":true,"href":"https:\/\/catolicanet.net\/wp-cnet\/wp-json\/wp\/v2\/categories?post=34327"},{"taxonomy":"post_tag","embeddable":true,"href":"https:\/\/catolicanet.net\/wp-cnet\/wp-json\/wp\/v2\/tags?post=34327"}],"curies":[{"name":"wp","href":"https:\/\/api.w.org\/{rel}","templated":true}]}}