{"id":34280,"date":"2017-08-07T10:33:35","date_gmt":"2017-08-07T13:33:35","guid":{"rendered":"http:\/\/catolicanet.net\/wp-cnet\/?p=34280"},"modified":"2017-08-07T13:02:50","modified_gmt":"2017-08-07T16:02:50","slug":"papa-angelus-nas-ferias-redescobrir-o-silencio-da-meditacao-do-evangelho","status":"publish","type":"post","link":"https:\/\/catolicanet.net\/wp-cnet\/papa-angelus-nas-ferias-redescobrir-o-silencio-da-meditacao-do-evangelho\/","title":{"rendered":"Papa Angelus: nas f\u00e9rias redescobrir o sil\u00eancio da medita\u00e7\u00e3o do Evangelho"},"content":{"rendered":"<p>Cidade do Vaticano (RV) \u2013 O Papa Francisco rezou neste domingo a ora\u00e7\u00e3o mariana do Angelus com os fi\u00e9is reunidos na Pra\u00e7a Pedro. Apesar do forte calor milhares de fi\u00e9is e peregrinos estiveram presentes na grande pra\u00e7a vaticana.<\/p>\n<p><a href=\"http:\/\/media02.radiovaticana.va\/audio\/audio2\/mp3\/00591673.mp3\">Clique aqui para ouvir:<\/a><\/p>\n<p>Na sua alocu\u00e7\u00e3o o Pont\u00edfice recordou que neste domingo, a liturgia celebra a festa da Transfigura\u00e7\u00e3o do Senhor: p\u00e1gina evang\u00e9lica na qual os ap\u00f3stolos Pedro, Tiago e Jo\u00e3o testemunham esse evento extraordin\u00e1rio.<\/p>\n<p>O Papa comentando o texto recordou que na conclus\u00e3o daquela experi\u00eancia \u201cos disc\u00edpulos desceram do monte com os olhos e os cora\u00e7\u00f5es transfigurados pelo encontro com o Senhor\u201d.<\/p>\n<p>\u201c\u00c9 o caminho que podemos realizar tamb\u00e9m n\u00f3s. A redescoberta sempre viva de Jesus n\u00e3o \u00e9 um fim em si, mas nos conduz a descer da montanha, recarregados com a for\u00e7a do Esp\u00edrito Divino, para decidir novos passos de aut\u00eantica convers\u00e3o e para testemunhar constantemente a caridade como lei de vida cotidiana\u201d.<\/p>\n<p>Transformados pela presen\u00e7a de Cristo e pelo ardor de Sua Palavra, &#8211; continuou o Papa &#8211; seremos um sinal concreto do amor vivificante de Deus por todos os nossos irm\u00e3os, especialmente por quem sofre, por aqueles que se encontram na solid\u00e3o e no abandono, pelos enfermos e pela multid\u00e3o de homens e mulheres que, em diversas partes do mundo, s\u00e3o humilhados pela injusti\u00e7a, pela prepot\u00eancia e pela viol\u00eancia.<\/p>\n<p>O evento da Transfigura\u00e7\u00e3o do Senhor nos oferece uma mensagem de esperan\u00e7a: convida-nos a encontrar Jesus, para estar a servi\u00e7os dos irm\u00e3os.<\/p>\n<p>\u201cA subida dos disc\u00edpulos ao Monte Tabor nos leva a refletir sobre a import\u00e2ncia de se separar das coisas mundanas, para fazer um caminho em dire\u00e7\u00e3o ao alto e contemplar Jesus. Trata-se de colocar-se \u00e0 escuta atenta e orante de Cristo, o Filho amado do Pai, buscando momentos \u00edntimos de ora\u00e7\u00e3o que permitam a acolhida d\u00f3cil e alegre da Palavra de Deus&#8221;.<\/p>\n<p>O Papa Francisco convidou ainda os fi\u00e9is presentes na Pra\u00e7a S\u00e3o Pedro a redescobrirem o sil\u00eancio pacificador e regenerador da medita\u00e7\u00e3o do Evangelho, \u201cque conduz a uma meta rica de beleza, de esplendor e de alegria\u201d.<\/p>\n<p>\u201cNesta perspectiva, &#8211; sugeriu o Papa -, o tempo do ver\u00e3o \u00e9 um momento providencial para aumentar o nosso compromisso de busca e de encontro com o Senhor. Durante este tempo, &#8211; recordou ainda o Papa fazendo refer\u00eancia ao ver\u00e3o no hemisf\u00e9rio norte \u2013 os estudantes est\u00e3o livres de compromissos escolares e tantas fam\u00edlias fazem suas f\u00e9rias. \u00c9 importante que durante o per\u00edodo de descanso e de distanciamento das ocupa\u00e7\u00f5es di\u00e1rias, se possam regenerar as for\u00e7as do corpo e do esp\u00edrito, aprofundando o caminho espiritual\u201d.<\/p>\n<p>Em seguida Francisco confiou a Nossa Senhora as f\u00e9rias de todos pedindo que Ela nos ajude a entrar em sintonia com a Palavra de Deus para que Cristo se torne luz e guia de nossas vidas.<\/p>\n<p>\u201cA Ela confiamos as f\u00e9rias de todos, para que sejam serenas e prof\u00edcuas, mas sobretudo o ver\u00e3o daqueles que n\u00e3o podem fazer f\u00e9rias porque impedidos pela idade, por motivos de sa\u00fade ou de trabalho, por restri\u00e7\u00f5es econ\u00f4micas ou por outros problemas, para que, mesmo assim, seja um tempo de relaxamento, animado por presen\u00e7as amigas e momentos felizes\u201d.<\/p>\n<p>&nbsp;<\/p>\n<p>Fonte: R\u00e1dio Vaticano<\/p>\n","protected":false},"excerpt":{"rendered":"<p>Cidade do Vaticano (RV) \u2013 O Papa Francisco rezou neste domingo a ora\u00e7\u00e3o mariana do Angelus com os fi\u00e9is reunidos na Pra\u00e7a Pedro. Apesar do forte calor milhares de fi\u00e9is e peregrinos estiveram presentes na grande pra\u00e7a vaticana. Clique aqui para ouvir: Na sua alocu\u00e7\u00e3o o Pont\u00edfice recordou que neste domingo, a liturgia celebra a [&hellip;]<\/p>\n","protected":false},"author":1,"featured_media":34281,"comment_status":"open","ping_status":"closed","sticky":false,"template":"","format":"standard","meta":{"footnotes":""},"categories":[3],"tags":[],"class_list":["post-34280","post","type-post","status-publish","format-standard","has-post-thumbnail","hentry","category-vaticano"],"_links":{"self":[{"href":"https:\/\/catolicanet.net\/wp-cnet\/wp-json\/wp\/v2\/posts\/34280","targetHints":{"allow":["GET"]}}],"collection":[{"href":"https:\/\/catolicanet.net\/wp-cnet\/wp-json\/wp\/v2\/posts"}],"about":[{"href":"https:\/\/catolicanet.net\/wp-cnet\/wp-json\/wp\/v2\/types\/post"}],"author":[{"embeddable":true,"href":"https:\/\/catolicanet.net\/wp-cnet\/wp-json\/wp\/v2\/users\/1"}],"replies":[{"embeddable":true,"href":"https:\/\/catolicanet.net\/wp-cnet\/wp-json\/wp\/v2\/comments?post=34280"}],"version-history":[{"count":1,"href":"https:\/\/catolicanet.net\/wp-cnet\/wp-json\/wp\/v2\/posts\/34280\/revisions"}],"predecessor-version":[{"id":34282,"href":"https:\/\/catolicanet.net\/wp-cnet\/wp-json\/wp\/v2\/posts\/34280\/revisions\/34282"}],"wp:featuredmedia":[{"embeddable":true,"href":"https:\/\/catolicanet.net\/wp-cnet\/wp-json\/wp\/v2\/media\/34281"}],"wp:attachment":[{"href":"https:\/\/catolicanet.net\/wp-cnet\/wp-json\/wp\/v2\/media?parent=34280"}],"wp:term":[{"taxonomy":"category","embeddable":true,"href":"https:\/\/catolicanet.net\/wp-cnet\/wp-json\/wp\/v2\/categories?post=34280"},{"taxonomy":"post_tag","embeddable":true,"href":"https:\/\/catolicanet.net\/wp-cnet\/wp-json\/wp\/v2\/tags?post=34280"}],"curies":[{"name":"wp","href":"https:\/\/api.w.org\/{rel}","templated":true}]}}