{"id":34276,"date":"2017-08-07T10:21:37","date_gmt":"2017-08-07T13:21:37","guid":{"rendered":"http:\/\/catolicanet.net\/wp-cnet\/?p=34276"},"modified":"2017-08-07T11:54:26","modified_gmt":"2017-08-07T14:54:26","slug":"mensagem-do-papa-aos-peruanos-trabalhem-pela-unidade","status":"publish","type":"post","link":"https:\/\/catolicanet.net\/wp-cnet\/mensagem-do-papa-aos-peruanos-trabalhem-pela-unidade\/","title":{"rendered":"Mensagem do Papa aos peruanos: Trabalhem pela unidade!"},"content":{"rendered":"<p style=\"text-align: justify;\">Cidade do Vaticano (RV) \u2013 Trabalhem pela unidade! Esta \u00e9 a exorta\u00e7\u00e3o que o Papa Francisco fez aos peruanos em vista de sua viagem ao pa\u00eds em janeiro de 2018.<\/p>\n<p style=\"text-align: justify;\"><a href=\"http:\/\/media02.radiovaticana.va\/audio\/audio2\/mp3\/00591731.mp3\">Clique aqui para ouvir:<\/a><\/p>\n<p style=\"text-align: justify;\">O apelo do Pont\u00edfice est\u00e1 contido na videomensagem divulgada pelo Arcebispo de Lima, Cardeal Juan Luis Cipriani Thorne.<\/p>\n<p>Francisco expressa o seu \u201cgrande desejo\u201d de visitar o pa\u00eds sul-americano: \u201cVoc\u00eas s\u00e3o um povo \u2013 afirma \u2013 que tem muitos recursos. O recurso mais bonito que pode ter um Papa \u00e9 o recurso dos Santos\u201d. E o Peru tem \u201ctantos e grandes Santos, que marcaram a Am\u00e9rica Latina. Santos que constru\u00edram a Igreja\u201d e a constru\u00edram caminhando \u201cda dispers\u00e3o \u00e0 unidade\u201d.<\/p>\n<p style=\"text-align: justify;\"><a href=\"https:\/\/www.youtube.com\/watch?v=d029HZ3uOaM\">Clique aqui para assistir o v\u00eddeo:<\/a><\/p>\n<p style=\"text-align: justify;\">\u201cUm Santo \u2013 prosseguiu o Papa \u2013 trabalha sempre nesta dire\u00e7\u00e3o: daquilo que \u00e9 disperso \u00e0 unidade. Isto foi o que fez Jesus. Um crist\u00e3o deve seguir por este caminho\u201d.<\/p>\n<p>O Papa convida os peruanos a percorrer este mesmo caminho junto aos tantos Santos deste povo: \u201cTrabalhem pela unidade\u201d. \u201cQuem trabalha pela unidade \u2013 explica \u2013 olha em frente\u201d, mas se pode tamb\u00e9m olhar em frente \u201ccom ceticismo e amargura\u201d.<\/p>\n<p>N\u00e3o por\u00e9m um crist\u00e3o: \u201cUm crist\u00e3o olha em frente com esperan\u00e7a, porque espera alcan\u00e7ar aquilo que o Senhor prometeu\u201d. Assim, trabalhem em unidade e esperan\u00e7a!<\/p>\n<p>O Papa Francisco ir\u00e1 ao Chile de 15 a 18 de janeiro de 2018 &#8211; visitando as\u00a0 cidades de Santiago, Temuco e Iquique \u2013 e ap\u00f3s ao Peru, de 18 a 21 de janeiro, onde visitar\u00e1 as cidades de Lima, Puerto Maldonado e Trujillo.<\/p>\n<p>&nbsp;<\/p>\n<p>Fonte: R\u00e1dio Vaticano<\/p>\n","protected":false},"excerpt":{"rendered":"<p>Cidade do Vaticano (RV) \u2013 Trabalhem pela unidade! Esta \u00e9 a exorta\u00e7\u00e3o que o Papa Francisco fez aos peruanos em vista de sua viagem ao pa\u00eds em janeiro de 2018. Clique aqui para ouvir: O apelo do Pont\u00edfice est\u00e1 contido na videomensagem divulgada pelo Arcebispo de Lima, Cardeal Juan Luis Cipriani Thorne. Francisco expressa o [&hellip;]<\/p>\n","protected":false},"author":1,"featured_media":34277,"comment_status":"open","ping_status":"closed","sticky":false,"template":"","format":"standard","meta":{"footnotes":""},"categories":[3],"tags":[],"class_list":["post-34276","post","type-post","status-publish","format-standard","has-post-thumbnail","hentry","category-vaticano"],"_links":{"self":[{"href":"https:\/\/catolicanet.net\/wp-cnet\/wp-json\/wp\/v2\/posts\/34276","targetHints":{"allow":["GET"]}}],"collection":[{"href":"https:\/\/catolicanet.net\/wp-cnet\/wp-json\/wp\/v2\/posts"}],"about":[{"href":"https:\/\/catolicanet.net\/wp-cnet\/wp-json\/wp\/v2\/types\/post"}],"author":[{"embeddable":true,"href":"https:\/\/catolicanet.net\/wp-cnet\/wp-json\/wp\/v2\/users\/1"}],"replies":[{"embeddable":true,"href":"https:\/\/catolicanet.net\/wp-cnet\/wp-json\/wp\/v2\/comments?post=34276"}],"version-history":[{"count":2,"href":"https:\/\/catolicanet.net\/wp-cnet\/wp-json\/wp\/v2\/posts\/34276\/revisions"}],"predecessor-version":[{"id":34279,"href":"https:\/\/catolicanet.net\/wp-cnet\/wp-json\/wp\/v2\/posts\/34276\/revisions\/34279"}],"wp:featuredmedia":[{"embeddable":true,"href":"https:\/\/catolicanet.net\/wp-cnet\/wp-json\/wp\/v2\/media\/34277"}],"wp:attachment":[{"href":"https:\/\/catolicanet.net\/wp-cnet\/wp-json\/wp\/v2\/media?parent=34276"}],"wp:term":[{"taxonomy":"category","embeddable":true,"href":"https:\/\/catolicanet.net\/wp-cnet\/wp-json\/wp\/v2\/categories?post=34276"},{"taxonomy":"post_tag","embeddable":true,"href":"https:\/\/catolicanet.net\/wp-cnet\/wp-json\/wp\/v2\/tags?post=34276"}],"curies":[{"name":"wp","href":"https:\/\/api.w.org\/{rel}","templated":true}]}}