{"id":34178,"date":"2017-08-03T16:30:07","date_gmt":"2017-08-03T19:30:07","guid":{"rendered":"http:\/\/catolicanet.net\/wp-cnet\/?p=34178"},"modified":"2017-08-04T15:46:46","modified_gmt":"2017-08-04T18:46:46","slug":"card-stella-a-diaconos-crescer-no-espirito-evangelico-do-acolhimento","status":"publish","type":"post","link":"https:\/\/catolicanet.net\/wp-cnet\/card-stella-a-diaconos-crescer-no-espirito-evangelico-do-acolhimento\/","title":{"rendered":"Card. Stella a di\u00e1conos: crescer no esp\u00edrito evang\u00e9lico do acolhimento"},"content":{"rendered":"<p style=\"text-align: justify;\">Cidade do Vaticano (RV) &#8211; \u201cEsta iniciativa oferece a voc\u00eas a oportunidade de ouvir ilustres relatores e, mais ainda, de refletir sobre a especificidade do minist\u00e9rio diaconal, caracterizado por aquela caridade evang\u00e9lica que se expressa justamente no servi\u00e7o aos mais fracos.\u201d<\/p>\n<p>Foi o que escreveu o prefeito da Congrega\u00e7\u00e3o para o Clero, Cardeal Beniamino Stella, na mensagem que enviou aos di\u00e1conos reunidos at\u00e9 este s\u00e1bado (05\/08) em Altavilla Milicia, na prov\u00edncia de Palermo \u2013 sul da It\u00e1lia \u2013 por ocasi\u00e3o de seu encontro nacional.<\/p>\n<p>O purpurado evocou as palavras do Papa dirigidas propriamente aos di\u00e1conos durante a celebra\u00e7\u00e3o de seu Jubileu: \u201cPapa Francisco quis especificar que o disc\u00edpulo do Senhor deve ter a ambi\u00e7\u00e3o de tornar-se servidor\u201d.<\/p>\n<p>\u201cEsta \u2018santa ambi\u00e7\u00e3o\u2019 \u2013 assim a define o Cardeal Stella \u2013, que nos liberta da tenta\u00e7\u00e3o de tomar posse do minist\u00e9rio ao qual somos chamados na Igreja e de fazer dele um instrumento de poder, nos ajude a crescer no esp\u00edrito evang\u00e9lico do acolhimento, da proximidade e do servi\u00e7o com compaix\u00e3o, sobretudo para com os irm\u00e3os que vivem situa\u00e7\u00f5es de sofrimento e de enfermidade\u201d, foi a exorta\u00e7\u00e3o do prefeito da Congrega\u00e7\u00e3o para o Clero.<\/p>\n<p>&nbsp;<\/p>\n<p>Fonte: R\u00e1dio Vaticano<\/p>\n","protected":false},"excerpt":{"rendered":"<p>Cidade do Vaticano (RV) &#8211; \u201cEsta iniciativa oferece a voc\u00eas a oportunidade de ouvir ilustres relatores e, mais ainda, de refletir sobre a especificidade do minist\u00e9rio diaconal, caracterizado por aquela caridade evang\u00e9lica que se expressa justamente no servi\u00e7o aos mais fracos.\u201d Foi o que escreveu o prefeito da Congrega\u00e7\u00e3o para o Clero, Cardeal Beniamino Stella, [&hellip;]<\/p>\n","protected":false},"author":1,"featured_media":34179,"comment_status":"open","ping_status":"closed","sticky":false,"template":"","format":"standard","meta":{"footnotes":""},"categories":[3],"tags":[],"class_list":["post-34178","post","type-post","status-publish","format-standard","has-post-thumbnail","hentry","category-vaticano"],"_links":{"self":[{"href":"https:\/\/catolicanet.net\/wp-cnet\/wp-json\/wp\/v2\/posts\/34178","targetHints":{"allow":["GET"]}}],"collection":[{"href":"https:\/\/catolicanet.net\/wp-cnet\/wp-json\/wp\/v2\/posts"}],"about":[{"href":"https:\/\/catolicanet.net\/wp-cnet\/wp-json\/wp\/v2\/types\/post"}],"author":[{"embeddable":true,"href":"https:\/\/catolicanet.net\/wp-cnet\/wp-json\/wp\/v2\/users\/1"}],"replies":[{"embeddable":true,"href":"https:\/\/catolicanet.net\/wp-cnet\/wp-json\/wp\/v2\/comments?post=34178"}],"version-history":[{"count":1,"href":"https:\/\/catolicanet.net\/wp-cnet\/wp-json\/wp\/v2\/posts\/34178\/revisions"}],"predecessor-version":[{"id":34180,"href":"https:\/\/catolicanet.net\/wp-cnet\/wp-json\/wp\/v2\/posts\/34178\/revisions\/34180"}],"wp:featuredmedia":[{"embeddable":true,"href":"https:\/\/catolicanet.net\/wp-cnet\/wp-json\/wp\/v2\/media\/34179"}],"wp:attachment":[{"href":"https:\/\/catolicanet.net\/wp-cnet\/wp-json\/wp\/v2\/media?parent=34178"}],"wp:term":[{"taxonomy":"category","embeddable":true,"href":"https:\/\/catolicanet.net\/wp-cnet\/wp-json\/wp\/v2\/categories?post=34178"},{"taxonomy":"post_tag","embeddable":true,"href":"https:\/\/catolicanet.net\/wp-cnet\/wp-json\/wp\/v2\/tags?post=34178"}],"curies":[{"name":"wp","href":"https:\/\/api.w.org\/{rel}","templated":true}]}}