{"id":34146,"date":"2017-08-03T13:44:20","date_gmt":"2017-08-03T16:44:20","guid":{"rendered":"http:\/\/catolicanet.net\/wp-cnet\/?p=34146"},"modified":"2017-08-04T13:52:08","modified_gmt":"2017-08-04T16:52:08","slug":"bioetica-questao-da-eutanasia-em-destaque-na-revista-humanistica-e-teologia","status":"publish","type":"post","link":"https:\/\/catolicanet.net\/wp-cnet\/bioetica-questao-da-eutanasia-em-destaque-na-revista-humanistica-e-teologia\/","title":{"rendered":"Bio\u00e9tica: Quest\u00e3o da Eutan\u00e1sia em destaque na revista &#8220;Human\u00edstica e Teologia&#8221;"},"content":{"rendered":"<p style=\"text-align: justify;\">Publica\u00e7\u00e3o do n\u00facleo do Porto da Faculdade de Teologia entra no debate em curso na sociedade portuguesa<\/p>\n<p>Porto, 03 ago 2017 (Ecclesia) &#8211; A mais recente edi\u00e7\u00e3o da revista \u2018Human\u00edstica e Teologia\u2019, do n\u00facleo do Porto da Faculdade de Teologia (FT), tem como tema central a quest\u00e3o da eutan\u00e1sia, face \u00e0 \u201cevidente\u201d atualidade do debate em Portugal.<\/p>\n<p>Em comunicado enviado \u00e0 Ag\u00eancia ECCLESIA, os respons\u00e1veis pela publica\u00e7\u00e3o assinalam que entrar nesta discuss\u00e3o \u201c\u00e9 um risco assumido de forma advertida\u201d.<\/p>\n<p>\u201cA atualidade \u00e9 sempre contingente e fragment\u00e1ria. O debate sobre a eutan\u00e1sia revela-se particularmente amb\u00edguo e necessitado de clarifica\u00e7\u00e3o. A teologia, por\u00e9m, n\u00e3o pode ter medo de descer ao quotidiano nem pode refugiar-se naquele que j\u00e1 \u00e9 sabido\u201d, adianta a nota de apresenta\u00e7\u00e3o desta edi\u00e7\u00e3o.<\/p>\n<p>A revista prop\u00f5e um contributo \u201cfilos\u00f3fico, b\u00edblico, patr\u00edstico, espiritual e moral\u201d para o debate \u201csobre o sentido da vida no seu termo e sobre o melhor modo de viver os \u00faltimos momentos\u201d, que coloca em cima da mesa a possibilidade de vir a despenalizar a eutan\u00e1sia.<\/p>\n<p>\u201cConhecemos a norma moral da Igreja, uma norma que pro\u00edbe a eutan\u00e1sia, mas o nosso ponto de vista \u00e9 mais do que afirmar a norma. \u00c9 iluminar o sentido da morte e esperar dessa luz a possibilidade de uma regula\u00e7\u00e3o respeitadora daquilo que s\u00e3o as exig\u00eancias morais para viver os \u00faltimos momentos\u201d, real\u00e7a o comunicado.<\/p>\n<p>O tema \u00e9 tratado do ponto de vista b\u00edblico (M\u00e1rio Sousa), patr\u00edstico (Alexandre Duarte), da antiguidade cl\u00e1ssica (Martinho Soares), filos\u00f3fico (Manuela Brito Martins e Florinda Martins), teol\u00f3gico (Jos\u00e9 Ang\u00e9lico), liter\u00e1rio (Jos\u00e9 Rui Teixeira), moral (Jorge Cunha).<\/p>\n<p>A abrir encontra-se uma \u201cclarividente entrevista\u201d de Diego Gracia, apresentado como \u201co mais relevante bioeticista da atualidade\u201d.<\/p>\n<p>A perspectiva geral do volume pretende \u201cjustificar a norma para as pr\u00e1ticas m\u00e9dicas e culturais que acompanham o morrer humano\u201d.<\/p>\n<p>Fonte: Ag\u00eancia Ecclesia<\/p>\n","protected":false},"excerpt":{"rendered":"<p>Publica\u00e7\u00e3o do n\u00facleo do Porto da Faculdade de Teologia entra no debate em curso na sociedade portuguesa Porto, 03 ago 2017 (Ecclesia) &#8211; A mais recente edi\u00e7\u00e3o da revista \u2018Human\u00edstica e Teologia\u2019, do n\u00facleo do Porto da Faculdade de Teologia (FT), tem como tema central a quest\u00e3o da eutan\u00e1sia, face \u00e0 \u201cevidente\u201d atualidade do debate [&hellip;]<\/p>\n","protected":false},"author":1,"featured_media":34147,"comment_status":"open","ping_status":"closed","sticky":false,"template":"","format":"standard","meta":{"footnotes":""},"categories":[4],"tags":[],"class_list":["post-34146","post","type-post","status-publish","format-standard","has-post-thumbnail","hentry","category-cotidiano"],"_links":{"self":[{"href":"https:\/\/catolicanet.net\/wp-cnet\/wp-json\/wp\/v2\/posts\/34146","targetHints":{"allow":["GET"]}}],"collection":[{"href":"https:\/\/catolicanet.net\/wp-cnet\/wp-json\/wp\/v2\/posts"}],"about":[{"href":"https:\/\/catolicanet.net\/wp-cnet\/wp-json\/wp\/v2\/types\/post"}],"author":[{"embeddable":true,"href":"https:\/\/catolicanet.net\/wp-cnet\/wp-json\/wp\/v2\/users\/1"}],"replies":[{"embeddable":true,"href":"https:\/\/catolicanet.net\/wp-cnet\/wp-json\/wp\/v2\/comments?post=34146"}],"version-history":[{"count":1,"href":"https:\/\/catolicanet.net\/wp-cnet\/wp-json\/wp\/v2\/posts\/34146\/revisions"}],"predecessor-version":[{"id":34148,"href":"https:\/\/catolicanet.net\/wp-cnet\/wp-json\/wp\/v2\/posts\/34146\/revisions\/34148"}],"wp:featuredmedia":[{"embeddable":true,"href":"https:\/\/catolicanet.net\/wp-cnet\/wp-json\/wp\/v2\/media\/34147"}],"wp:attachment":[{"href":"https:\/\/catolicanet.net\/wp-cnet\/wp-json\/wp\/v2\/media?parent=34146"}],"wp:term":[{"taxonomy":"category","embeddable":true,"href":"https:\/\/catolicanet.net\/wp-cnet\/wp-json\/wp\/v2\/categories?post=34146"},{"taxonomy":"post_tag","embeddable":true,"href":"https:\/\/catolicanet.net\/wp-cnet\/wp-json\/wp\/v2\/tags?post=34146"}],"curies":[{"name":"wp","href":"https:\/\/api.w.org\/{rel}","templated":true}]}}