{"id":34139,"date":"2017-08-03T13:32:50","date_gmt":"2017-08-03T16:32:50","guid":{"rendered":"http:\/\/catolicanet.net\/wp-cnet\/?p=34139"},"modified":"2017-08-04T13:40:36","modified_gmt":"2017-08-04T16:40:36","slug":"portugal-jovens-franceses-fazem-voluntariado-na-caritas-lisboa","status":"publish","type":"post","link":"https:\/\/catolicanet.net\/wp-cnet\/portugal-jovens-franceses-fazem-voluntariado-na-caritas-lisboa\/","title":{"rendered":"Portugal: Jovens franceses fazem voluntariado na C\u00e1ritas Lisboa"},"content":{"rendered":"<p style=\"text-align: justify;\">Henrique Pinto destaca interc\u00e2mbio internacional que pode proporcionar muita \u00abriqueza\u00bb \u00e0s institui\u00e7\u00f5es do setor social<\/p>\n<p style=\"text-align: justify;\">Lisboa, 03 ago 2017 (Ecclesia) &#8211; A C\u00e1ritas de Lisboa est\u00e1 a apostar no desenvolvimento de projetos de voluntariado internacional, e um dos projetos prende-se com a vinda de jovens da La Rochelle Business School, em Fran\u00e7a.<\/p>\n<p style=\"text-align: justify;\">Em entrevista \u00e0 Ag\u00eancia ECCLESIA, Henrique Pinto, respons\u00e1vel pelo setor de Comunica\u00e7\u00e3o e Novos Projetos da C\u00e1ritas Lisboa, real\u00e7a que o voluntariado internacional deve ser mais do que \u201cuma moda\u201d uma \u201criqueza\u201d que pode levar muitas mais-valias \u00e0s organiza\u00e7\u00f5es que trabalham no setor social.<\/p>\n<p style=\"text-align: justify;\">A preocupa\u00e7\u00e3o da C\u00e1ritas de Lisboa em torno do tema do voluntariado ganhou ainda mais for\u00e7a a partir do resgate financeiro feito a Portugal, que levou a organiza\u00e7\u00e3o a pensar em novas formas de refor\u00e7ar o seu trabalho, a miss\u00e3o que desempenha junto das popula\u00e7\u00f5es.<\/p>\n<p style=\"text-align: justify;\">Henrique Pinto considera que h\u00e1 muito a ganhar com \u201cum voluntariado que possa chegar de longe\u201d, com \u201cnovos olhares\u201d e \u201cexperi\u00eancias\u201d que ajudam muitas vezes a \u201cver e olhar para as situa\u00e7\u00f5es\u201d de uma forma que \u201cos nossos olhos n\u00e3o viam\u201d.<\/p>\n<p>\u201cN\u00e3o queremos estar apenas abertos a volunt\u00e1rios jovens, menos jovens, em Portugal neste caso, mas a um voluntariado que possa vir de fora, at\u00e9 porque isso tem a ver com a natureza internacional da organiza\u00e7\u00e3o C\u00e1ritas e com a riqueza de leituras, de visionamentos que \u00e9 preciso manter e desenvolver sempre\u201d, aponta aquele respons\u00e1vel.<\/p>\n<p>O coordenador do setor de comunica\u00e7\u00e3o e novos projetos da C\u00e1ritas Lisboa vai ainda mais longe e defende que uma institui\u00e7\u00e3o deste g\u00e9nero deve \u201cviver sem portas, sem janelas, cada vez mais\u201d.<\/p>\n<p>E \u201cque os seus pr\u00f3prios colaboradores em Portugal possam ir trabalhar em C\u00e1ritas de fora e vice-versa\u201d.<\/p>\n<p>\u201cCreio que ainda n\u00e3o se tenha feito e poderia ser feito\u201d, sustenta Henrique Pinto.<\/p>\n<p>Um dos volunt\u00e1rios da \u2018La Rochelle Business School\u2019 que est\u00e1 envolvido neste projeto de voluntariado internacional, e que repete a experi\u00eancia, \u00e9 Thomas Pastor, de 22 anos, que veio colaborar na \u00e1rea da comunica\u00e7\u00e3o.<\/p>\n<p>\u201cN\u00f3s quer\u00edamos vir a Portugal e descobrimos esta oportunidade de trabalhar para a C\u00e1ritas. O ano passado foi uma grande experi\u00eancia e quis regressar para agradecer a confian\u00e7a que puseram em n\u00f3s\u201d, real\u00e7a o jovem volunt\u00e1rio, que em 2016 esteve mais envolvido em projetos de apoio a crian\u00e7as e idosos.<\/p>\n<p>Thomas Pastor real\u00e7a ainda o facto de este tipo de projetos ser tamb\u00e9m uma forma de desenvolvimento pessoal e de prepara\u00e7\u00e3o para o futuro, onde espera trabalhar mais na \u00e1rea \u201csocial\u201d.<\/p>\n<p>\u201cEu poderia encontrar o mesmo tipo de est\u00e1gios em Fran\u00e7a, mas gosto de sair da minha zona de conforto, e de melhorar tamb\u00e9m o contacto com outras l\u00ednguas. Aqui tenho o valor acrescentado que \u00e9 o contacto com as pessoas com quem trabalho\u201d, complementa.<\/p>\n<p>&nbsp;<\/p>\n<p>Fonte: Ag\u00eancia Ecclesia<\/p>\n","protected":false},"excerpt":{"rendered":"<p>Henrique Pinto destaca interc\u00e2mbio internacional que pode proporcionar muita \u00abriqueza\u00bb \u00e0s institui\u00e7\u00f5es do setor social Lisboa, 03 ago 2017 (Ecclesia) &#8211; A C\u00e1ritas de Lisboa est\u00e1 a apostar no desenvolvimento de projetos de voluntariado internacional, e um dos projetos prende-se com a vinda de jovens da La Rochelle Business School, em Fran\u00e7a. Em entrevista \u00e0 [&hellip;]<\/p>\n","protected":false},"author":1,"featured_media":34143,"comment_status":"open","ping_status":"closed","sticky":false,"template":"","format":"standard","meta":{"footnotes":""},"categories":[4],"tags":[],"class_list":["post-34139","post","type-post","status-publish","format-standard","has-post-thumbnail","hentry","category-cotidiano"],"_links":{"self":[{"href":"https:\/\/catolicanet.net\/wp-cnet\/wp-json\/wp\/v2\/posts\/34139","targetHints":{"allow":["GET"]}}],"collection":[{"href":"https:\/\/catolicanet.net\/wp-cnet\/wp-json\/wp\/v2\/posts"}],"about":[{"href":"https:\/\/catolicanet.net\/wp-cnet\/wp-json\/wp\/v2\/types\/post"}],"author":[{"embeddable":true,"href":"https:\/\/catolicanet.net\/wp-cnet\/wp-json\/wp\/v2\/users\/1"}],"replies":[{"embeddable":true,"href":"https:\/\/catolicanet.net\/wp-cnet\/wp-json\/wp\/v2\/comments?post=34139"}],"version-history":[{"count":3,"href":"https:\/\/catolicanet.net\/wp-cnet\/wp-json\/wp\/v2\/posts\/34139\/revisions"}],"predecessor-version":[{"id":34144,"href":"https:\/\/catolicanet.net\/wp-cnet\/wp-json\/wp\/v2\/posts\/34139\/revisions\/34144"}],"wp:featuredmedia":[{"embeddable":true,"href":"https:\/\/catolicanet.net\/wp-cnet\/wp-json\/wp\/v2\/media\/34143"}],"wp:attachment":[{"href":"https:\/\/catolicanet.net\/wp-cnet\/wp-json\/wp\/v2\/media?parent=34139"}],"wp:term":[{"taxonomy":"category","embeddable":true,"href":"https:\/\/catolicanet.net\/wp-cnet\/wp-json\/wp\/v2\/categories?post=34139"},{"taxonomy":"post_tag","embeddable":true,"href":"https:\/\/catolicanet.net\/wp-cnet\/wp-json\/wp\/v2\/tags?post=34139"}],"curies":[{"name":"wp","href":"https:\/\/api.w.org\/{rel}","templated":true}]}}