{"id":34132,"date":"2017-08-03T13:08:33","date_gmt":"2017-08-03T16:08:33","guid":{"rendered":"http:\/\/catolicanet.net\/wp-cnet\/?p=34132"},"modified":"2017-08-04T11:22:33","modified_gmt":"2017-08-04T14:22:33","slug":"porto-sacerdote-mais-idoso-de-portugal-assinala-80-anos-de-ordenacao","status":"publish","type":"post","link":"https:\/\/catolicanet.net\/wp-cnet\/porto-sacerdote-mais-idoso-de-portugal-assinala-80-anos-de-ordenacao\/","title":{"rendered":"Porto: Sacerdote mais idoso de Portugal assinala 80 anos de ordena\u00e7\u00e3o"},"content":{"rendered":"<p style=\"text-align: justify;\">Porto, 03 ago 2017 (Ecclesia) &#8211; O sacerdote mais idoso de Portugal, padre Joaquim Cunha, com 105 anos de idade, vai celebrar 80 anos de ordena\u00e7\u00e3o a 8 de agosto, anunciou o bispo do Porto, no documento em que anuncia as novas nomea\u00e7\u00f5es.<\/p>\n<p>\u201cNo pr\u00f3ximo dia 8 de agosto celebraremos 80 anos de ordena\u00e7\u00e3o presbiteral do sacerdote mais idoso do nosso presbit\u00e9rio, Padre Joaquim Cunha. Neste amplo arco do tempo de oitenta anos de ordena\u00e7\u00f5es estamos todos n\u00f3s, aqueles que Deus chama continuamente para o servi\u00e7o da Igreja do Porto\u201d, escreve D. Ant\u00f3nio Francisco dos Santos.<\/p>\n<p>A 13 de maio, durante a sua visita a Portugal, o Papa Francisco cumprimentou o padre Joaquim Pereira da Cunha, que o bispo do Porto apresentou ent\u00e3o como &#8220;mem\u00f3ria viva\u201d da diocese.<\/p>\n<p>A sauda\u00e7\u00e3o do Papa decorreu junto \u00e0 Bas\u00edlica Nossa Senhora do Ros\u00e1rio de F\u00e1tima, antes de um momento de ora\u00e7\u00e3o junto ao t\u00famulo dos Pastorinhos, oferecendo ao sacerdote um ter\u00e7o e a medalha do pontificado.<\/p>\n<p>O padre Joaquim Pereira da Cunha estava numa cadeira de rodas, na qual aguardou pela chegada do Papa, na Bas\u00edlica.<\/p>\n<p>\u201c\u00c9 uma mem\u00f3ria viva da Diocese do Porto, um encanto da vida sacerdotal. Penso que nele podemos ver refletido em espelho, a dedica\u00e7\u00e3o, generosidade, a grandeza de vida oferecidas do presbit\u00e9rio do Porto\u201d, disse D. Ant\u00f3nio Francisco dos Santos \u00e0 Ag\u00eancia ECCLESIA, a respeito do sacerdote.<\/p>\n<p>Ordenado sacerdote no dia 8 de agosto de 1937, o padre Joaquim Pereira da Cunha nasceu no dia 8 de julho de 1912 em Mesquinhata, no Concelho de Bai\u00e3o, e reside, atualmente, no Porto, na Casa Sacerdotal da diocese.<\/p>\n<p>&nbsp;<\/p>\n<p>Fonte: Ag\u00eancia Ecclesia<\/p>\n","protected":false},"excerpt":{"rendered":"<p>Porto, 03 ago 2017 (Ecclesia) &#8211; O sacerdote mais idoso de Portugal, padre Joaquim Cunha, com 105 anos de idade, vai celebrar 80 anos de ordena\u00e7\u00e3o a 8 de agosto, anunciou o bispo do Porto, no documento em que anuncia as novas nomea\u00e7\u00f5es. \u201cNo pr\u00f3ximo dia 8 de agosto celebraremos 80 anos de ordena\u00e7\u00e3o presbiteral [&hellip;]<\/p>\n","protected":false},"author":1,"featured_media":34133,"comment_status":"open","ping_status":"closed","sticky":false,"template":"","format":"standard","meta":{"footnotes":""},"categories":[4],"tags":[],"class_list":["post-34132","post","type-post","status-publish","format-standard","has-post-thumbnail","hentry","category-cotidiano"],"_links":{"self":[{"href":"https:\/\/catolicanet.net\/wp-cnet\/wp-json\/wp\/v2\/posts\/34132","targetHints":{"allow":["GET"]}}],"collection":[{"href":"https:\/\/catolicanet.net\/wp-cnet\/wp-json\/wp\/v2\/posts"}],"about":[{"href":"https:\/\/catolicanet.net\/wp-cnet\/wp-json\/wp\/v2\/types\/post"}],"author":[{"embeddable":true,"href":"https:\/\/catolicanet.net\/wp-cnet\/wp-json\/wp\/v2\/users\/1"}],"replies":[{"embeddable":true,"href":"https:\/\/catolicanet.net\/wp-cnet\/wp-json\/wp\/v2\/comments?post=34132"}],"version-history":[{"count":2,"href":"https:\/\/catolicanet.net\/wp-cnet\/wp-json\/wp\/v2\/posts\/34132\/revisions"}],"predecessor-version":[{"id":34135,"href":"https:\/\/catolicanet.net\/wp-cnet\/wp-json\/wp\/v2\/posts\/34132\/revisions\/34135"}],"wp:featuredmedia":[{"embeddable":true,"href":"https:\/\/catolicanet.net\/wp-cnet\/wp-json\/wp\/v2\/media\/34133"}],"wp:attachment":[{"href":"https:\/\/catolicanet.net\/wp-cnet\/wp-json\/wp\/v2\/media?parent=34132"}],"wp:term":[{"taxonomy":"category","embeddable":true,"href":"https:\/\/catolicanet.net\/wp-cnet\/wp-json\/wp\/v2\/categories?post=34132"},{"taxonomy":"post_tag","embeddable":true,"href":"https:\/\/catolicanet.net\/wp-cnet\/wp-json\/wp\/v2\/tags?post=34132"}],"curies":[{"name":"wp","href":"https:\/\/api.w.org\/{rel}","templated":true}]}}