{"id":34129,"date":"2017-08-03T11:39:48","date_gmt":"2017-08-03T14:39:48","guid":{"rendered":"http:\/\/catolicanet.net\/wp-cnet\/?p=34129"},"modified":"2017-08-04T11:08:57","modified_gmt":"2017-08-04T14:08:57","slug":"padre-sosa-jesuitas-em-missao-para-reconciliar-com-deus-e-a-humanidade","status":"publish","type":"post","link":"https:\/\/catolicanet.net\/wp-cnet\/padre-sosa-jesuitas-em-missao-para-reconciliar-com-deus-e-a-humanidade\/","title":{"rendered":"Padre Sosa: Jesu\u00edtas em miss\u00e3o para reconciliar com Deus e a humanidade"},"content":{"rendered":"<p style=\"text-align: justify;\">Na mem\u00f3ria de Santo In\u00e1cio de Loyola, fundador da Companhia de Jesus, padre Arturo Sosa, Superior Geral dos Jesu\u00edtas, falou aos microfones da R\u00e1dio Vaticano dos principais desafios, hoje, da Ordem que nasceu em 1534<\/p>\n<p>Para Arturo Sosa, que h\u00e1 nove meses \u00e9 o primeiro Superior geral dos Jesu\u00edtas n\u00e3o europeu, \u00e9 a primeira festa de Santo In\u00e1cio que vive como guia da Companhia e que celebra na igreja romana de Jesus, onde se venera o corpo do fundador, morto no dia 31 de julho de 1556. Esta ocorr\u00eancia \u00e9 o ponto de partida para uma entrevista ao L\u2019Osservatore Romano sobre o in\u00edcio do seu generalato.<\/p>\n<p>Como v\u00ea a situa\u00e7\u00e3o em Venezuela?<\/p>\n<p>Apesar de tudo tenho um olhar optimista, embora ignore o futuro. Mas obviamente a preocupa\u00e7\u00e3o \u00e9 grande pelas not\u00edcias que se sucedem, como expressaram tantas vezes os bispos e os jesu\u00edtas do meu pa\u00eds, o Papa, o Cardeal secret\u00e1rio de Estado e em outros diversos modos a Santa S\u00e9. Mas quero sublinhar um facto: o referendo do dia 16 foi a manifesta\u00e7\u00e3o civil mais importante de toda a hist\u00f3ria de Venezuela porque nela participaram sete milh\u00f5es e meio\u00a0 de pessoas, isto \u00e9, a metade do eleitorado. O percurso do confronto pol\u00edtico seria a \u00fanica via para travar a viol\u00eancia e fazer verdadeiramente pol\u00edtica ao servi\u00e7o das grand\u00edssimas necessidades do\u00a0 povo.<\/p>\n<p>Passaram mais de nove meses desde a sua elei\u00e7\u00e3o: como os passou?<\/p>\n<p>Com grande paz, com muito trabalho e com a necessidade de aprender tanta coisa nova, rapidamente. Antes de tudo com paz espiritual pois que ocupo um cargo que n\u00e3o procurei e que nem mesmo imaginava que pudesse cair sobre mim: recebi-o dos meus irm\u00e3os na congrega\u00e7\u00e3o geral, contudo o entendo e o vivo como algo que veio do Senhor Jesus, que escolhi como meu companheiro h\u00e1 mais de meio s\u00e9culo atr\u00e1s. O trabalho \u00e9 na verdade tanto e n\u00e3o \u00e9 simples conhecer, partindo da minha nova posi\u00e7\u00e3o, um corpo t\u00e3o rico e variado como a Companhia de Jesus e os meus colegas da miss\u00e3o. Tudo isto em grande velocidade, porque as decis\u00f5es n\u00e3o podem esperar.<\/p>\n<p>O que faria hoje In\u00e1cio de Loyola?<\/p>\n<p>Esta \u00e9 a pergunta que me coloco todos os dias, juntamente com todos os jesu\u00edtas. Antes de mais com os treze conselheiros gerais que todas as semanas encontro regularmente um por um, quando n\u00e3o estamos impedidos pelas viagens, enquanto que nas ter\u00e7as e quintas-feiras se re\u00fane todo o conselho. E tr\u00eas vezes por ano, em janeiro, junho e setembro, durante uma semana temos um encontro alargado aos presidentes das seis confer\u00eancias provinciais e a quatro secret\u00e1rios, num total de vinte e quatro pessoas.<\/p>\n<p>Que finalidade tem este m\u00e9todo de governo t\u00e3o complexo, e que imagino contudo muito \u00fatil pelas decis\u00f5es que deve tomar o padre geral?<\/p>\n<p>A finalidade \u00e9 compreender precisamente as escolhas a fazer, porque para a Companhia de Jesus, e consequentemente para todos os jesu\u00edtas, \u00e9 fundamental e necess\u00e1rio ser criativamente fi\u00e9is \u00e0 pr\u00f3pria voca\u00e7\u00e3o e miss\u00e3o. Olhando para Santo In\u00e1cio, devemos continuamente percorrer o caminho de retorno \u00e0s nossas fontes originais. Assim quis o Conc\u00edlio Vaticano II, e esta decis\u00e3o foi a salva\u00e7\u00e3o para a vida religiosa, que na vis\u00e3o cat\u00f3lica \u00e9 uma inspira\u00e7\u00e3o do Esp\u00edrito.<\/p>\n<p>Existem crit\u00e9rios que ajudam a entender como realizar esta fidelidade?<\/p>\n<p>Olhamos para a experi\u00eancia dos primeiros dez jesu\u00edtas, quando In\u00e1cio e os seus colegas estavam em Veneza para irem \u00e0 Terra Santa. O projecto revelou-se imposs\u00edvel e se transformou em viagem para Roma, decisivo para a Companhia, como nos contam as fontes e como recordou no passado outono, a nossa trig\u00e9sima sexta congrega\u00e7\u00e3o geral reunida para eleger o Superior. Este \u00e9 o modelo de Veneza: a uni\u00e3o da mente e do cora\u00e7\u00e3o, a pratica de uma vida austera, a proximidade afectiva e efectiva aos pobres, o discernimento comum e a disponibilidade \u00e0s\u00a0 exig\u00eancia de toda a Igreja individuadas e expressas pelo Papa.<\/p>\n<p>Qual \u00e9 a miss\u00e3o dos Jesu\u00edtas?<\/p>\n<p>Hoje a Companhia deve encontrar todos os dias a estrada para p\u00f4r em pr\u00e1tica a reconcilia\u00e7\u00e3o. A tr\u00eas n\u00edveis: com Deus, com os seres humanos, com o ambiente. Somos colaboradores da miss\u00e3o de Cristo, raz\u00e3o de ser da Igreja da qual fazemos parte. E exactamente a experi\u00eancia de Deus nos restitui a liberdade interior e nos faz voltar o nosso olhar para quem est\u00e1 cruxificado neste mundo, para compreender melhor as causas da injusti\u00e7a, e contribuir na elabora\u00e7\u00e3o de modelos alternativos ao sistema que hoje produz pobreza, desigualdade, exclus\u00e3o e p\u00f5e em risco a vida no planeta. Devemos assim restabelecer uma rela\u00e7\u00e3o equilibrada com a natureza. Contribuir para esta reconcilia\u00e7\u00e3o significa tamb\u00e9m desenvolver as capacidades de di\u00e1logo, entre as culturas e entre as religi\u00f5es. Voltei h\u00e1 pouco de uma viagem na \u00c1sia: Na Indon\u00e9sia, o Pa\u00eds isl\u00e2mico mais populoso do mundo, tive uma longa conversa com um grupo de intelectuais mu\u00e7ulmanos, e em Camboja encontrei-me com monges budistas, para testemunhar as possibilidades de colabora\u00e7\u00e3o entre as religi\u00f5es como factores que podem favorecer a compreens\u00e3o e a conviv\u00eancia pac\u00edfica e como vias para a pesquisa espiritual.<\/p>\n<p>Como ser\u00e1 poss\u00edvel esta reconcilia\u00e7\u00e3o?<\/p>\n<p>\u00c9 fundamental a convers\u00e3o: pessoal, comunit\u00e1ria \u201cpela dispers\u00e3o\u201d, ad dispersionem, um termo que significa a necessidade apost\u00f3lica da miss\u00e3o, e institucional, para reorganizar as nossas estruturas de trabalho e de governo voltadas para a miss\u00e3o. Que \u00e9 pr\u00f3pria de quantos se sentem chamados a ser companheiros de Jesus.<\/p>\n<p>&nbsp;<\/p>\n<p>Fonte: R\u00e1dio Vaticano<\/p>\n","protected":false},"excerpt":{"rendered":"<p>Na mem\u00f3ria de Santo In\u00e1cio de Loyola, fundador da Companhia de Jesus, padre Arturo Sosa, Superior Geral dos Jesu\u00edtas, falou aos microfones da R\u00e1dio Vaticano dos principais desafios, hoje, da Ordem que nasceu em 1534 Para Arturo Sosa, que h\u00e1 nove meses \u00e9 o primeiro Superior geral dos Jesu\u00edtas n\u00e3o europeu, \u00e9 a primeira festa [&hellip;]<\/p>\n","protected":false},"author":1,"featured_media":34130,"comment_status":"open","ping_status":"closed","sticky":false,"template":"","format":"standard","meta":{"footnotes":""},"categories":[3],"tags":[],"class_list":["post-34129","post","type-post","status-publish","format-standard","has-post-thumbnail","hentry","category-vaticano"],"_links":{"self":[{"href":"https:\/\/catolicanet.net\/wp-cnet\/wp-json\/wp\/v2\/posts\/34129","targetHints":{"allow":["GET"]}}],"collection":[{"href":"https:\/\/catolicanet.net\/wp-cnet\/wp-json\/wp\/v2\/posts"}],"about":[{"href":"https:\/\/catolicanet.net\/wp-cnet\/wp-json\/wp\/v2\/types\/post"}],"author":[{"embeddable":true,"href":"https:\/\/catolicanet.net\/wp-cnet\/wp-json\/wp\/v2\/users\/1"}],"replies":[{"embeddable":true,"href":"https:\/\/catolicanet.net\/wp-cnet\/wp-json\/wp\/v2\/comments?post=34129"}],"version-history":[{"count":1,"href":"https:\/\/catolicanet.net\/wp-cnet\/wp-json\/wp\/v2\/posts\/34129\/revisions"}],"predecessor-version":[{"id":34131,"href":"https:\/\/catolicanet.net\/wp-cnet\/wp-json\/wp\/v2\/posts\/34129\/revisions\/34131"}],"wp:featuredmedia":[{"embeddable":true,"href":"https:\/\/catolicanet.net\/wp-cnet\/wp-json\/wp\/v2\/media\/34130"}],"wp:attachment":[{"href":"https:\/\/catolicanet.net\/wp-cnet\/wp-json\/wp\/v2\/media?parent=34129"}],"wp:term":[{"taxonomy":"category","embeddable":true,"href":"https:\/\/catolicanet.net\/wp-cnet\/wp-json\/wp\/v2\/categories?post=34129"},{"taxonomy":"post_tag","embeddable":true,"href":"https:\/\/catolicanet.net\/wp-cnet\/wp-json\/wp\/v2\/tags?post=34129"}],"curies":[{"name":"wp","href":"https:\/\/api.w.org\/{rel}","templated":true}]}}