{"id":3412,"date":"2013-11-13T11:27:41","date_gmt":"2013-11-13T13:27:41","guid":{"rendered":"http:\/\/catolicanet.net\/wp-cnet\/signis-brasil-prepara-primeira-assembleia-geral\/"},"modified":"2017-03-23T09:18:16","modified_gmt":"2017-03-23T12:18:16","slug":"signis-brasil-prepara-primeira-assembleia-geral","status":"publish","type":"post","link":"https:\/\/catolicanet.net\/wp-cnet\/signis-brasil-prepara-primeira-assembleia-geral\/","title":{"rendered":"Signis Brasil prepara primeira Assembleia Geral"},"content":{"rendered":"<p style=\"text-align: justify;\"><img decoding=\"async\" src=\"http:\/\/catolicanet.com.br\/images\/stories\/signisbrlogo.jpg\" border=\"0\" align=\"left\" \/>O estudo e o debate sobre a atua\u00e7\u00e3o dos profissionais e ve\u00edculos de comunica\u00e7\u00e3o cat\u00f3licos est\u00e3o na pauta da primeira assembleia geral da Associa\u00e7\u00e3o Cat\u00f3lica de Comunica\u00e7\u00e3o, a Signis Brasil, que acontecer\u00e1 entre os dias 22 a 24 de novembro, em S\u00e3o Paulo (SP). O evento dever\u00e1 abordar tamb\u00e9m as mudan\u00e7as culturais, tecnol\u00f3gicas e pol\u00edticas que afetam a comunica\u00e7\u00e3o nos dias atuais, com a assessoria de Andr\u00e9 Barbosa Filho, da Empresa Brasil de Comunica\u00e7\u00e3o. <\/p>\n<p>A assessora da Comiss\u00e3o Episcopal Pastoral para a Comunica\u00e7\u00e3o da CNBB, irm\u00e3 \u00c9lide Fogolari, vai acompanhar o evento, durante o qual ser\u00e3o apresentados relat\u00f3rios de atividades da Signis Brasil em seus diferentes setores (r\u00e1dio, televis\u00e3o, impressos e internet). Tamb\u00e9m dever\u00e1 ser eleita a presid\u00eancia para o pr\u00f3ximo tri\u00eanio. Haver\u00e1 ainda a entrega do Trof\u00e9u Signis Brasil a alguns ve\u00edculos de comunica\u00e7\u00e3o, como reconhecimento por sua a\u00e7\u00e3o evangelizadora.<\/p>\n<p><strong>RCR<\/strong><\/p>\n<p>No dia 22 de novembro, antes da abertura da assembleia da Signis, ser\u00e1 realizada a s\u00e9tima Assembleia Geral da Rede Cat\u00f3lica de R\u00e1dio (RCR). Participam os s\u00f3cios fundadores da entidade, representantes das cinco bases geradoras e s\u00f3cios individuais, para a elei\u00e7\u00e3o da nova diretoria para o pr\u00f3ximo tri\u00eanio.<\/p>\n<p>Na avalia\u00e7\u00e3o do presidente da RCR, frei Jo\u00e3o Carlos Romanini, a entidade completar\u00e1 20 anos com o compromisso da renova\u00e7\u00e3o. \u201cO projeto de compartilhar e distribuir conte\u00fado entre as mais de 200 emissoras foi posto em pr\u00e1tica com sucesso. Exemplo disso foi a cobertura do Conclave, Jornada Mundial da Juventude, reuni\u00f5es de forma\u00e7\u00e3o, administra\u00e7\u00e3o e recursos humanos para emissoras\u201d, explica o religioso. A RCR possui cinco bases geradoras de programa\u00e7\u00e3o (Rede Aparecida, Rede Can\u00e7\u00e3o Nova, Rede Difusora\/Pai Eterno, Rede Mil\u00edcia Sat, RedeSul).<\/p>\n<p style=\"text-align: justify;\"><strong>Local: Bras\u00edlia (DF)<br \/>Fonte: CNBB<\/strong><\/p>\n","protected":false},"excerpt":{"rendered":"<p>O estudo e o debate sobre a atua\u00e7\u00e3o dos profissionais e ve\u00edculos de comunica\u00e7\u00e3o cat\u00f3licos est\u00e3o na pauta da primeira assembleia geral da Associa\u00e7\u00e3o Cat\u00f3lica de Comunica\u00e7\u00e3o, a Signis Brasil, que acontecer\u00e1 entre os dias 22 a 24 de novembro, em S\u00e3o Paulo (SP). O evento dever\u00e1 abordar tamb\u00e9m as mudan\u00e7as culturais, tecnol\u00f3gicas e pol\u00edticas [&hellip;]<\/p>\n","protected":false},"author":1,"featured_media":0,"comment_status":"closed","ping_status":"closed","sticky":false,"template":"","format":"standard","meta":{"footnotes":""},"categories":[7],"tags":[],"class_list":["post-3412","post","type-post","status-publish","format-standard","hentry","category-cnbb"],"_links":{"self":[{"href":"https:\/\/catolicanet.net\/wp-cnet\/wp-json\/wp\/v2\/posts\/3412","targetHints":{"allow":["GET"]}}],"collection":[{"href":"https:\/\/catolicanet.net\/wp-cnet\/wp-json\/wp\/v2\/posts"}],"about":[{"href":"https:\/\/catolicanet.net\/wp-cnet\/wp-json\/wp\/v2\/types\/post"}],"author":[{"embeddable":true,"href":"https:\/\/catolicanet.net\/wp-cnet\/wp-json\/wp\/v2\/users\/1"}],"replies":[{"embeddable":true,"href":"https:\/\/catolicanet.net\/wp-cnet\/wp-json\/wp\/v2\/comments?post=3412"}],"version-history":[{"count":1,"href":"https:\/\/catolicanet.net\/wp-cnet\/wp-json\/wp\/v2\/posts\/3412\/revisions"}],"predecessor-version":[{"id":7463,"href":"https:\/\/catolicanet.net\/wp-cnet\/wp-json\/wp\/v2\/posts\/3412\/revisions\/7463"}],"wp:attachment":[{"href":"https:\/\/catolicanet.net\/wp-cnet\/wp-json\/wp\/v2\/media?parent=3412"}],"wp:term":[{"taxonomy":"category","embeddable":true,"href":"https:\/\/catolicanet.net\/wp-cnet\/wp-json\/wp\/v2\/categories?post=3412"},{"taxonomy":"post_tag","embeddable":true,"href":"https:\/\/catolicanet.net\/wp-cnet\/wp-json\/wp\/v2\/tags?post=3412"}],"curies":[{"name":"wp","href":"https:\/\/api.w.org\/{rel}","templated":true}]}}