{"id":3408,"date":"2013-11-12T17:55:22","date_gmt":"2013-11-12T19:55:22","guid":{"rendered":"http:\/\/catolicanet.net\/wp-cnet\/vaticano-lanca-livro-sobre-dialogo-inter-religioso\/"},"modified":"2017-03-23T09:21:39","modified_gmt":"2017-03-23T12:21:39","slug":"vaticano-lanca-livro-sobre-dialogo-inter-religioso","status":"publish","type":"post","link":"https:\/\/catolicanet.net\/wp-cnet\/vaticano-lanca-livro-sobre-dialogo-inter-religioso\/","title":{"rendered":"Vaticano lan\u00e7a livro sobre di\u00e1logo inter-religioso"},"content":{"rendered":"<p style=\"text-align: justify;\"><img loading=\"lazy\" decoding=\"async\" src=\"http:\/\/catolicanet.com.br\/images\/stories\/cardealtauran.jpg\" border=\"0\" width=\"220\" height=\"246\" align=\"left\" \/>O presidente e o secret\u00e1rio do Pontif\u00edcio Conselho para o Di\u00e1logo Inter-religioso, respectivamente, cardeal Jean-Louis Tauran e padre Miguel \u00c1ngel Ayuso Guixot, divulgaram o livro \u201cO di\u00e1logo inter-religioso no ensinamento da Igreja Cat\u00f3lica\u201d, de autoria do bispo Francesco Gioia, que tamb\u00e9m esteve presente no evento. O lan\u00e7amento ocorreu hoje, 12, na Sala de Imprensa da Santa S\u00e9.<\/p>\n<p>O livro apresenta, tanto aos fi\u00e9is cat\u00f3licos como aos seguidores de outras religi\u00f5es, o pensamento oficial da Igreja, segundo o esp\u00edrito da \u201cNostra Aetate\u201d, documento elaborado durante o Conc\u00edlio Vaticano II que fala sobre a aproxima\u00e7\u00e3o da Igreja Cat\u00f3lica com outras religi\u00f5es, a fim de promover o di\u00e1logo e a m\u00fatua colabora\u00e7\u00e3o.<\/p>\n<p>O volume, que cont\u00e9m mais de duas mil p\u00e1ginas, compreende uma cole\u00e7\u00e3o de textos conciliares, enc\u00edclicas, exorta\u00e7\u00f5es apost\u00f3licas e discursos proferidos desde o pontificado de Jo\u00e3o XXIII a Bento XVI. Tamb\u00e9m h\u00e1 documentos dos setores da C\u00faria Romana relativos ao di\u00e1logo inter-religioso. Ao todo, s\u00e3o 909 documentos dos quais sete s\u00e3o conciliares. Segundo o cardeal Tauran, o livro oferece f\u00e1cil acesso ao m\u00e9todo e aos fundamentos teol\u00f3gicos do di\u00e1logo inter-religioso ensinado e praticado no Magist\u00e9rio da Igreja Cat\u00f3lica.<\/p>\n<p>\u201cA novidade consiste na cole\u00e7\u00e3o de textos de Bento XVI, cuja contribui\u00e7\u00e3o foi decisiva. Em sete anos de pontificado, se contam 188 discursos de Bento XVI sobre o di\u00e1logo inter-religioso se comparado aos 591 do papa Jo\u00e3o Paulo II em mais de um quarto de s\u00e9culo\u201d, explica. \u201cA aten\u00e7\u00e3o a este problema foi constante e crescente nos dois pontificados. Bento XVI prop\u00f4s o \u2018di\u00e1logo da caridade na verdade\u2019. Um ano depois do discurso de Ratisbona, 38 mu\u00e7ulmanos eruditos escreveram ao papa um documento que exp\u00f4s os princ\u00edpios do Isl\u00e3 e manifestava o desejo da compreens\u00e3o m\u00fatua e de uma rela\u00e7\u00e3o entre o Isl\u00e3 e o cristianismo baseada no amor de Deus e ao pr\u00f3ximo. O resultado da iniciativa foi a cria\u00e7\u00e3o de um Foro isl\u00e2mico-crist\u00e3o, que continua a existir na atualidade\u201d, acrescentou o cardeal.<\/p>\n<p style=\"text-align: justify;\">\u00a0<\/p>\n<p style=\"text-align: justify;\"><strong>Local: Bras\u00edlia (DF)<br \/>Fonte: CNBB<\/strong><\/p>\n","protected":false},"excerpt":{"rendered":"<p>O presidente e o secret\u00e1rio do Pontif\u00edcio Conselho para o Di\u00e1logo Inter-religioso, respectivamente, cardeal Jean-Louis Tauran e padre Miguel \u00c1ngel Ayuso Guixot, divulgaram o livro \u201cO di\u00e1logo inter-religioso no ensinamento da Igreja Cat\u00f3lica\u201d, de autoria do bispo Francesco Gioia, que tamb\u00e9m esteve presente no evento. O lan\u00e7amento ocorreu hoje, 12, na Sala de Imprensa da [&hellip;]<\/p>\n","protected":false},"author":1,"featured_media":0,"comment_status":"closed","ping_status":"closed","sticky":false,"template":"","format":"standard","meta":{"footnotes":""},"categories":[7],"tags":[],"class_list":["post-3408","post","type-post","status-publish","format-standard","hentry","category-cnbb"],"_links":{"self":[{"href":"https:\/\/catolicanet.net\/wp-cnet\/wp-json\/wp\/v2\/posts\/3408","targetHints":{"allow":["GET"]}}],"collection":[{"href":"https:\/\/catolicanet.net\/wp-cnet\/wp-json\/wp\/v2\/posts"}],"about":[{"href":"https:\/\/catolicanet.net\/wp-cnet\/wp-json\/wp\/v2\/types\/post"}],"author":[{"embeddable":true,"href":"https:\/\/catolicanet.net\/wp-cnet\/wp-json\/wp\/v2\/users\/1"}],"replies":[{"embeddable":true,"href":"https:\/\/catolicanet.net\/wp-cnet\/wp-json\/wp\/v2\/comments?post=3408"}],"version-history":[{"count":1,"href":"https:\/\/catolicanet.net\/wp-cnet\/wp-json\/wp\/v2\/posts\/3408\/revisions"}],"predecessor-version":[{"id":7466,"href":"https:\/\/catolicanet.net\/wp-cnet\/wp-json\/wp\/v2\/posts\/3408\/revisions\/7466"}],"wp:attachment":[{"href":"https:\/\/catolicanet.net\/wp-cnet\/wp-json\/wp\/v2\/media?parent=3408"}],"wp:term":[{"taxonomy":"category","embeddable":true,"href":"https:\/\/catolicanet.net\/wp-cnet\/wp-json\/wp\/v2\/categories?post=3408"},{"taxonomy":"post_tag","embeddable":true,"href":"https:\/\/catolicanet.net\/wp-cnet\/wp-json\/wp\/v2\/tags?post=3408"}],"curies":[{"name":"wp","href":"https:\/\/api.w.org\/{rel}","templated":true}]}}