{"id":34056,"date":"2017-08-02T14:12:26","date_gmt":"2017-08-02T17:12:26","guid":{"rendered":"http:\/\/catolicanet.net\/wp-cnet\/?p=34056"},"modified":"2017-08-02T15:51:58","modified_gmt":"2017-08-02T18:51:58","slug":"papa-recebe-borussia-monchengladbach-um-time-que-favorece-as-familias","status":"publish","type":"post","link":"https:\/\/catolicanet.net\/wp-cnet\/papa-recebe-borussia-monchengladbach-um-time-que-favorece-as-familias\/","title":{"rendered":"Papa recebe Borussia M\u00f6nchengladbach: um time que favorece \u00e0s fam\u00edlias"},"content":{"rendered":"<p style=\"text-align: justify;\">Cidade do Vaticano (RV) &#8211; Continuem comprometidos como \u201catletas do bem e da paz\u201d, de que o mundo atual tanto precisa. Foi o convite do Papa Francisco ao time de futebol alem\u00e3o Borussia M\u00f6nchengladbach, cuja equipe foi recebida na manh\u00e3 desta quarta-feira (02\/08) pelo Santo Padre na depend\u00eancia adjacente \u00e0 Sala Paulo VI, no Vaticano, pouco antes da audi\u00eancia geral.<\/p>\n<p style=\"text-align: justify;\"><a href=\"http:\/\/media02.radiovaticana.va\/audio\/audio2\/mp3\/00591269.mp3\">Clique aqui para ouvir:<\/a><\/p>\n<p style=\"text-align: justify;\">Francisco expressou sua gratid\u00e3o pela rela\u00e7\u00e3o de amizade existente entre o clube de futebol alem\u00e3o (jogadores e dirigentes) e a associa\u00e7\u00e3o esportiva de funcion\u00e1rios vaticanos nos \u00faltimos anos com a realiza\u00e7\u00e3o de v\u00e1rios partidas disputadas em M\u00f6nchengladbach e em Roma.<\/p>\n<p>O Santo Padre enfatizou o fato de a sociedade futebol\u00edstica distinguir-se por ser sempre um time \u201c\u00e0 medida do homem\u201d, por assim dizer, e um\u00a0 time que favorece \u00e0 fam\u00edlia.<\/p>\n<p>\u201c\u00c9 bonito ver que as fam\u00edlias lotam o Borussia Park e como os v\u00e1rios programas e iniciativas esportivas e educacionais s\u00e3o realizados para promover os jovens, de modo particular os menos favorecidos\u201d, concluiu o Pont\u00edfice confiando todos eles, suas fam\u00edlias e entes queridos ao Senhor.<\/p>\n<p style=\"text-align: justify;\">\n<p style=\"text-align: justify;\">Fonte: R\u00e1dio Vaticano<\/p>\n","protected":false},"excerpt":{"rendered":"<p>Cidade do Vaticano (RV) &#8211; Continuem comprometidos como \u201catletas do bem e da paz\u201d, de que o mundo atual tanto precisa. Foi o convite do Papa Francisco ao time de futebol alem\u00e3o Borussia M\u00f6nchengladbach, cuja equipe foi recebida na manh\u00e3 desta quarta-feira (02\/08) pelo Santo Padre na depend\u00eancia adjacente \u00e0 Sala Paulo VI, no Vaticano, [&hellip;]<\/p>\n","protected":false},"author":1,"featured_media":34057,"comment_status":"open","ping_status":"closed","sticky":false,"template":"","format":"standard","meta":{"footnotes":""},"categories":[3],"tags":[],"class_list":["post-34056","post","type-post","status-publish","format-standard","has-post-thumbnail","hentry","category-vaticano"],"_links":{"self":[{"href":"https:\/\/catolicanet.net\/wp-cnet\/wp-json\/wp\/v2\/posts\/34056","targetHints":{"allow":["GET"]}}],"collection":[{"href":"https:\/\/catolicanet.net\/wp-cnet\/wp-json\/wp\/v2\/posts"}],"about":[{"href":"https:\/\/catolicanet.net\/wp-cnet\/wp-json\/wp\/v2\/types\/post"}],"author":[{"embeddable":true,"href":"https:\/\/catolicanet.net\/wp-cnet\/wp-json\/wp\/v2\/users\/1"}],"replies":[{"embeddable":true,"href":"https:\/\/catolicanet.net\/wp-cnet\/wp-json\/wp\/v2\/comments?post=34056"}],"version-history":[{"count":1,"href":"https:\/\/catolicanet.net\/wp-cnet\/wp-json\/wp\/v2\/posts\/34056\/revisions"}],"predecessor-version":[{"id":34058,"href":"https:\/\/catolicanet.net\/wp-cnet\/wp-json\/wp\/v2\/posts\/34056\/revisions\/34058"}],"wp:featuredmedia":[{"embeddable":true,"href":"https:\/\/catolicanet.net\/wp-cnet\/wp-json\/wp\/v2\/media\/34057"}],"wp:attachment":[{"href":"https:\/\/catolicanet.net\/wp-cnet\/wp-json\/wp\/v2\/media?parent=34056"}],"wp:term":[{"taxonomy":"category","embeddable":true,"href":"https:\/\/catolicanet.net\/wp-cnet\/wp-json\/wp\/v2\/categories?post=34056"},{"taxonomy":"post_tag","embeddable":true,"href":"https:\/\/catolicanet.net\/wp-cnet\/wp-json\/wp\/v2\/tags?post=34056"}],"curies":[{"name":"wp","href":"https:\/\/api.w.org\/{rel}","templated":true}]}}