{"id":3403,"date":"2013-11-12T15:17:51","date_gmt":"2013-11-12T17:17:51","guid":{"rendered":"http:\/\/catolicanet.net\/wp-cnet\/em-tuite-papa-pede-ajuda-concreta-para-as-filipinas\/"},"modified":"2017-03-23T09:24:54","modified_gmt":"2017-03-23T12:24:54","slug":"em-tuite-papa-pede-ajuda-concreta-para-as-filipinas","status":"publish","type":"post","link":"https:\/\/catolicanet.net\/wp-cnet\/em-tuite-papa-pede-ajuda-concreta-para-as-filipinas\/","title":{"rendered":"Em tu\u00edte, Papa pede ajuda concreta para as Filipinas"},"content":{"rendered":"<p style=\"text-align: justify;\"><img decoding=\"async\" src=\"http:\/\/catolicanet.com.br\/images\/stories\/tuitefilipinas.jpg\" border=\"0\" align=\"left\" \/>Em tu\u00edte publicado segunda-feira, 11, em sua conta, o Papa Francisco pediu ora\u00e7\u00f5es e tamb\u00e9m \u201cajuda concreta\u201d para as centenas de milhares de v\u00edtimas do tuf\u00e3o que se abateu sobre as Filipinas.<\/p>\n<p>J\u00e1 s\u00e1bado, 8, Francisco enviou um tu\u00edte de solidariedade para com as v\u00edtimas, e domingo, 9, pediu ora\u00e7\u00f5es aos mais de 60 mil fi\u00e9is que participaram da ora\u00e7\u00e3o do Angelus na Pra\u00e7a S\u00e3o Pedro.<\/p>\n<p>\u201cRecordemos as Filipinas, o Vietn\u00e3 e toda a regi\u00e3o atingida pelo tuf\u00e3o Haiyan. Sejam generosos na ora\u00e7\u00e3o e com a ajuda concreta\u201d, diz o novo tu\u00edte.<\/p>\n<p style=\"text-align: justify;\"><strong><br \/><\/strong><\/p>\n<p style=\"text-align: justify;\"><strong>Local: Cidade do Vaticano<br \/>Fonte: R\u00e1dio Vaticano<\/strong><\/p>\n","protected":false},"excerpt":{"rendered":"<p>Em tu\u00edte publicado segunda-feira, 11, em sua conta, o Papa Francisco pediu ora\u00e7\u00f5es e tamb\u00e9m \u201cajuda concreta\u201d para as centenas de milhares de v\u00edtimas do tuf\u00e3o que se abateu sobre as Filipinas. J\u00e1 s\u00e1bado, 8, Francisco enviou um tu\u00edte de solidariedade para com as v\u00edtimas, e domingo, 9, pediu ora\u00e7\u00f5es aos mais de 60 mil [&hellip;]<\/p>\n","protected":false},"author":1,"featured_media":0,"comment_status":"closed","ping_status":"closed","sticky":false,"template":"","format":"standard","meta":{"footnotes":""},"categories":[4],"tags":[],"class_list":["post-3403","post","type-post","status-publish","format-standard","hentry","category-cotidiano"],"_links":{"self":[{"href":"https:\/\/catolicanet.net\/wp-cnet\/wp-json\/wp\/v2\/posts\/3403","targetHints":{"allow":["GET"]}}],"collection":[{"href":"https:\/\/catolicanet.net\/wp-cnet\/wp-json\/wp\/v2\/posts"}],"about":[{"href":"https:\/\/catolicanet.net\/wp-cnet\/wp-json\/wp\/v2\/types\/post"}],"author":[{"embeddable":true,"href":"https:\/\/catolicanet.net\/wp-cnet\/wp-json\/wp\/v2\/users\/1"}],"replies":[{"embeddable":true,"href":"https:\/\/catolicanet.net\/wp-cnet\/wp-json\/wp\/v2\/comments?post=3403"}],"version-history":[{"count":1,"href":"https:\/\/catolicanet.net\/wp-cnet\/wp-json\/wp\/v2\/posts\/3403\/revisions"}],"predecessor-version":[{"id":7471,"href":"https:\/\/catolicanet.net\/wp-cnet\/wp-json\/wp\/v2\/posts\/3403\/revisions\/7471"}],"wp:attachment":[{"href":"https:\/\/catolicanet.net\/wp-cnet\/wp-json\/wp\/v2\/media?parent=3403"}],"wp:term":[{"taxonomy":"category","embeddable":true,"href":"https:\/\/catolicanet.net\/wp-cnet\/wp-json\/wp\/v2\/categories?post=3403"},{"taxonomy":"post_tag","embeddable":true,"href":"https:\/\/catolicanet.net\/wp-cnet\/wp-json\/wp\/v2\/tags?post=3403"}],"curies":[{"name":"wp","href":"https:\/\/api.w.org\/{rel}","templated":true}]}}