{"id":34024,"date":"2017-08-01T12:00:17","date_gmt":"2017-08-01T15:00:17","guid":{"rendered":"http:\/\/catolicanet.net\/wp-cnet\/?p=34024"},"modified":"2017-08-02T15:04:52","modified_gmt":"2017-08-02T18:04:52","slug":"pais-muculmano-e-o-primeiro-a-acolher-jornada-da-juventude-asiatica","status":"publish","type":"post","link":"https:\/\/catolicanet.net\/wp-cnet\/pais-muculmano-e-o-primeiro-a-acolher-jornada-da-juventude-asiatica\/","title":{"rendered":"Pa\u00eds mu\u00e7ulmano \u00e9 o primeiro a acolher Jornada da Juventude Asi\u00e1tica"},"content":{"rendered":"<p style=\"text-align: justify;\">Roma, 01 Ago. 17 \/ 02:00 pm (ACI).- A Indon\u00e9sia se tornou o primeiro pa\u00eds mu\u00e7ulmano a acolher a Jornada da Juventude Asi\u00e1tica (AYD, na sigla em ingl\u00eas), o maior evento regional de jovens cat\u00f3licos organizado pela Igreja nesta parte do mundo.<\/p>\n<p>A s\u00e9tima edi\u00e7\u00e3o deste evento acontece de 30 de julho at\u00e9 6 de agosto na cidade de Yogyakarta. A Indon\u00e9sia \u00e9 o maior pa\u00eds de maioria mu\u00e7ulmana. De seus 260 milh\u00f5es de habitantes, menos de 8 milh\u00f5es s\u00e3o cat\u00f3licos.<\/p>\n<p>Sob o lema \u201cJoyful Asian Youth: Living the Gospel in Multicultural Asia\u201d (Juventude alegre asi\u00e1tica: Viver o Evangelho na \u00c1sia multicultural!\u201d), a Jornada reuniu cerca de dois mil participantes provenientes de 24 pa\u00edses asi\u00e1ticos como China, Paquist\u00e3o, Mong\u00f3lia e Filipinas.<\/p>\n<p>Este encontro aconteceu pela primeira vez na Tail\u00e2ndia em 1999e reuniu cerca de 500 jovens cat\u00f3licos. Desde ent\u00e3o, \u00e9 realizado a cada tr\u00eas anos em diversos pa\u00edses da regi\u00e3o.<\/p>\n<p>Nesta ocasi\u00e3o, participam os 37 bispos da Indon\u00e9sia e alguns provenientes do exterior.<\/p>\n<p>\u201cNossa esperan\u00e7a \u00e9 que, ao regressar deste evento, os jovens possam defender a alegria do Evangelho em seus ambiente cotidianos e que influenciem positivamente em todos os demais\u201d, expressou o Bispo de Ketapang, Dom Pius Riana Prapdi.<\/p>\n<p>Dom Prapdi assinalou que tamb\u00e9m se espera que, ap\u00f3s esta jornada, \u201cos jovens, ao seu modo, continuem com o compromisso de construir a paz e a unidade no mundo\u201d.<\/p>\n<p>\u201cGostar\u00edamos que os jovens cat\u00f3licos pudessem se aprofundar em sua f\u00e9 de uma maneira mais alegre e positiva, para ser mais corajosos ao iniciar uma boa rela\u00e7\u00e3o com os outros e que incrementem sua vontade e capacidade de di\u00e1logo com os jovens de todas as religi\u00f5es na \u00c1sia\u201d, acrescentou.<\/p>\n<p>Atrav\u00e9s de um comunicado, a AYD assinalou que, de 30 de julho a 2 de agosto, os jovens participam de um programa chamado \u201cDias nas Dioceses\u201d, quando conhecem mais sobre a cultura e o estilo de vida na Indon\u00e9sia.<\/p>\n<p>De 2 a 6 de agosto, realizar\u00e3o os eventos centrais com as Missas, espa\u00e7os de reflex\u00e3o e festivais.<\/p>\n<p><a href=\"https:\/\/www.youtube.com\/watch?v=sduvzd-XXoM\">Clique aqui para assistir o v\u00eddeo:<\/a><\/p>\n<p>O presidente do comit\u00ea da AYD, Pe. Johannes Dwi Harsanto, indicou que tamb\u00e9m haver\u00e1 um espa\u00e7o onde os jovens mu\u00e7ulmanos compartilhar\u00e3o com os participantes suas viv\u00eancias no pa\u00eds.<\/p>\n<p>\u201cAtrav\u00e9s do encontro dos jovens cat\u00f3licos e mu\u00e7ulmanos, todos os participantes n\u00e3o s\u00f3 poder\u00e3o conhecer mais sobre o isl\u00e3 na Indon\u00e9sia, como tamb\u00e9m saber\u00e3o como viver em harmonia\u201d, expressou Pe. Harsanto.<\/p>\n<p>O sacerdote acrescentou que se espera que participem da cerim\u00f4nia de abertura cerca de 20 mil jovens provenientes da ilha indon\u00e9sia de Java e de outras partes do pa\u00eds. Esta acontecer\u00e1 no dia 2 de agosto no Convention Hall de Yogyakarta. A cerim\u00f4nia de encerramento acontecer\u00e1 no campo da academia indon\u00e9sia de avia\u00e7\u00e3o.<\/p>\n<p>Fonte: Acidigital<\/p>\n","protected":false},"excerpt":{"rendered":"<p>Roma, 01 Ago. 17 \/ 02:00 pm (ACI).- A Indon\u00e9sia se tornou o primeiro pa\u00eds mu\u00e7ulmano a acolher a Jornada da Juventude Asi\u00e1tica (AYD, na sigla em ingl\u00eas), o maior evento regional de jovens cat\u00f3licos organizado pela Igreja nesta parte do mundo. A s\u00e9tima edi\u00e7\u00e3o deste evento acontece de 30 de julho at\u00e9 6 de [&hellip;]<\/p>\n","protected":false},"author":1,"featured_media":34025,"comment_status":"open","ping_status":"closed","sticky":false,"template":"","format":"standard","meta":{"footnotes":""},"categories":[4,13],"tags":[],"class_list":["post-34024","post","type-post","status-publish","format-standard","has-post-thumbnail","hentry","category-cotidiano","category-featured"],"_links":{"self":[{"href":"https:\/\/catolicanet.net\/wp-cnet\/wp-json\/wp\/v2\/posts\/34024","targetHints":{"allow":["GET"]}}],"collection":[{"href":"https:\/\/catolicanet.net\/wp-cnet\/wp-json\/wp\/v2\/posts"}],"about":[{"href":"https:\/\/catolicanet.net\/wp-cnet\/wp-json\/wp\/v2\/types\/post"}],"author":[{"embeddable":true,"href":"https:\/\/catolicanet.net\/wp-cnet\/wp-json\/wp\/v2\/users\/1"}],"replies":[{"embeddable":true,"href":"https:\/\/catolicanet.net\/wp-cnet\/wp-json\/wp\/v2\/comments?post=34024"}],"version-history":[{"count":1,"href":"https:\/\/catolicanet.net\/wp-cnet\/wp-json\/wp\/v2\/posts\/34024\/revisions"}],"predecessor-version":[{"id":34026,"href":"https:\/\/catolicanet.net\/wp-cnet\/wp-json\/wp\/v2\/posts\/34024\/revisions\/34026"}],"wp:featuredmedia":[{"embeddable":true,"href":"https:\/\/catolicanet.net\/wp-cnet\/wp-json\/wp\/v2\/media\/34025"}],"wp:attachment":[{"href":"https:\/\/catolicanet.net\/wp-cnet\/wp-json\/wp\/v2\/media?parent=34024"}],"wp:term":[{"taxonomy":"category","embeddable":true,"href":"https:\/\/catolicanet.net\/wp-cnet\/wp-json\/wp\/v2\/categories?post=34024"},{"taxonomy":"post_tag","embeddable":true,"href":"https:\/\/catolicanet.net\/wp-cnet\/wp-json\/wp\/v2\/tags?post=34024"}],"curies":[{"name":"wp","href":"https:\/\/api.w.org\/{rel}","templated":true}]}}