{"id":3401,"date":"2013-11-12T13:09:54","date_gmt":"2013-11-12T15:09:54","guid":{"rendered":"http:\/\/catolicanet.net\/wp-cnet\/papa-envia-ajuda-as-filipinas\/"},"modified":"2017-03-23T09:27:21","modified_gmt":"2017-03-23T12:27:21","slug":"papa-envia-ajuda-as-filipinas","status":"publish","type":"post","link":"https:\/\/catolicanet.net\/wp-cnet\/papa-envia-ajuda-as-filipinas\/","title":{"rendered":"Papa envia ajuda \u00e0s Filipinas"},"content":{"rendered":"<p style=\"text-align: justify;\"><img decoding=\"async\" src=\"http:\/\/catolicanet.com.br\/images\/stories\/filipinas.jpg\" border=\"0\" align=\"left\" \/>O papa Francisco enviou ontem, 11, 150 mil d\u00f3lares \u00e0 Igreja Cat\u00f3lica nas Filipinas, para ajudar as v\u00edtimas do tuf\u00e3o Haiyan.<\/p>\n<p>O recurso dever\u00e1 ser distribu\u00eddo pela Igreja local entre as regi\u00f5es mais afetadas pelo tuf\u00e3o.<\/p>\n<p>\u201cLembremos as Filipinas, o Vietnam e toda a regi\u00e3o atingida pelo furac\u00e3o Haiyan\u201d, disse o papa hoje, pela manh\u00e3, em seu Twitter. \u201cSede generosos na ora\u00e7\u00e3o e na ajuda concreta\u201d, acrescentou.<\/p>\n<p>Segundo o diretor da C\u00e1ritas Filipinas, padre Edwin Gariguez, em um comunicado enviado \u00e0 Fides, \u201co governo local est\u00e1 fazendo o que pode para fornecer refei\u00e7\u00f5es e a Igreja est\u00e1 tentando oferecer alojamentos provis\u00f3rios e reparos\u201d.<\/p>\n<p>O tuf\u00e3o Hayan atingiu as Filipinas na \u00faltima sexta-feira, dia 8, e deixou mais de 10 mil pessoas mortas e cerca de 900 mil fam\u00edlias desabrigadas.<\/p>\n<p style=\"text-align: justify;\">\u00a0<\/p>\n<p style=\"text-align: justify;\"><strong>Local: Filipinas<br \/>Fonte: CNBB<\/strong><\/p>\n","protected":false},"excerpt":{"rendered":"<p>O papa Francisco enviou ontem, 11, 150 mil d\u00f3lares \u00e0 Igreja Cat\u00f3lica nas Filipinas, para ajudar as v\u00edtimas do tuf\u00e3o Haiyan. O recurso dever\u00e1 ser distribu\u00eddo pela Igreja local entre as regi\u00f5es mais afetadas pelo tuf\u00e3o. \u201cLembremos as Filipinas, o Vietnam e toda a regi\u00e3o atingida pelo furac\u00e3o Haiyan\u201d, disse o papa hoje, pela manh\u00e3, [&hellip;]<\/p>\n","protected":false},"author":1,"featured_media":0,"comment_status":"closed","ping_status":"closed","sticky":false,"template":"","format":"standard","meta":{"footnotes":""},"categories":[7],"tags":[],"class_list":["post-3401","post","type-post","status-publish","format-standard","hentry","category-cnbb"],"_links":{"self":[{"href":"https:\/\/catolicanet.net\/wp-cnet\/wp-json\/wp\/v2\/posts\/3401","targetHints":{"allow":["GET"]}}],"collection":[{"href":"https:\/\/catolicanet.net\/wp-cnet\/wp-json\/wp\/v2\/posts"}],"about":[{"href":"https:\/\/catolicanet.net\/wp-cnet\/wp-json\/wp\/v2\/types\/post"}],"author":[{"embeddable":true,"href":"https:\/\/catolicanet.net\/wp-cnet\/wp-json\/wp\/v2\/users\/1"}],"replies":[{"embeddable":true,"href":"https:\/\/catolicanet.net\/wp-cnet\/wp-json\/wp\/v2\/comments?post=3401"}],"version-history":[{"count":1,"href":"https:\/\/catolicanet.net\/wp-cnet\/wp-json\/wp\/v2\/posts\/3401\/revisions"}],"predecessor-version":[{"id":7473,"href":"https:\/\/catolicanet.net\/wp-cnet\/wp-json\/wp\/v2\/posts\/3401\/revisions\/7473"}],"wp:attachment":[{"href":"https:\/\/catolicanet.net\/wp-cnet\/wp-json\/wp\/v2\/media?parent=3401"}],"wp:term":[{"taxonomy":"category","embeddable":true,"href":"https:\/\/catolicanet.net\/wp-cnet\/wp-json\/wp\/v2\/categories?post=3401"},{"taxonomy":"post_tag","embeddable":true,"href":"https:\/\/catolicanet.net\/wp-cnet\/wp-json\/wp\/v2\/tags?post=3401"}],"curies":[{"name":"wp","href":"https:\/\/api.w.org\/{rel}","templated":true}]}}