{"id":3400,"date":"2013-11-12T12:46:49","date_gmt":"2013-11-12T14:46:49","guid":{"rendered":"http:\/\/catolicanet.net\/wp-cnet\/dom-mamberti-conferencia-genebra-2\/"},"modified":"2017-03-23T09:27:53","modified_gmt":"2017-03-23T12:27:53","slug":"dom-mamberti-conferencia-genebra-2","status":"publish","type":"post","link":"https:\/\/catolicanet.net\/wp-cnet\/dom-mamberti-conferencia-genebra-2\/","title":{"rendered":"Dom Mamberti: Confer\u00eancia Genebra 2"},"content":{"rendered":"<p style=\"text-align: justify;\">A Confer\u00eancia Genebra 2 \u201cpode e deve ser um primeiro passo fundamental, pelo menos para iniciar um processo que ser\u00e1 previsivelmente dif\u00edcil. N\u00e3o sabemos ainda que forma ter\u00e1 essa Confer\u00eancia nem se a Santa S\u00e9 ser\u00e1 convidada a participar como Observador. Em caso afirmativo, a Santa S\u00e9 enviaria uma Delega\u00e7\u00e3o para demonstrar a sua solicitude pelo bem da querida na\u00e7\u00e3o s\u00edria e para oferecer discretamente toda poss\u00edvel colabora\u00e7\u00e3o\u201d: foi o que afirmou em uma entrevista \u00e0 ag\u00eancia dos bispos italianos SIR, dedicada \u00e0 situa\u00e7\u00e3o na S\u00edria, o Secret\u00e1rio para as Rela\u00e7\u00f5es com os Estados da Santa S\u00e9, Dom Dominique Mamberti.<\/p>\n<p>Precisamente ontem, em Istambul, surgiu a not\u00edcia de que a Coaliz\u00e3o nacional s\u00edria poderia estar presente em Genebra, uma abertura que aumenta a possibilidade de uma confer\u00eancia de paz at\u00e9 o final do ano.<\/p>\n<p>\u201cA Santa S\u00e9 \u2013 declara o Secret\u00e1rio para as Rela\u00e7\u00f5es com os Estados \u2013 faz votos e encoraja a realiza\u00e7\u00e3o da Confer\u00eancia Genebra 2 com a maior participa\u00e7\u00e3o poss\u00edvel. Realisticamente n\u00e3o se pode pretender que a Confer\u00eancia resolva de uma s\u00f3 vez um conflito que \u00e9 particularmente complexo e no qual est\u00e3o envolvidos tantos interesses divergentes de diversos protagonistas n\u00e3o s\u00f3 locais mas regionais. Todavia, n\u00e3o h\u00e1 outro caminho a n\u00e3o ser o da busca de um acordo com a ajuda de todos\u201d.<\/p>\n<p>Na ampla entrevista Dom Mamberti reafirma que \u201cn\u00e3o existe uma solu\u00e7\u00e3o militar para o conflito. Neste sentido continuar a fornecer armas aos beligerantes somente contribui para aumentar as v\u00edtimas e os sofrimentos do povo s\u00edrio. Se a viol\u00eancia continuar n\u00e3o existir\u00e3o vencedores mas somente vencidos\u201d.<\/p>\n<p>Entre os princ\u00edpios gerais que deveriam orientar a busca de \u201cuma justa solu\u00e7\u00e3o ao conflito\u201d o representante pontif\u00edcio destaca tr\u00eas: antes de mais nada \u00e9 indispens\u00e1vel trabalhar para a retomada do di\u00e1logo entre as partes e para a reconcilia\u00e7\u00e3o do povo s\u00edrio; \u00e9 necess\u00e1rio preservar a unidade do pa\u00eds, evitando a constitui\u00e7\u00e3o de \u00e1reas diferentes para os v\u00e1rios componentes da sociedade; deve ser garantida, ao lado da unidade do pa\u00eds, tamb\u00e9m a sua integridade territorial.<\/p>\n<p>Al\u00e9m do mais ser\u00e1 importante pedir a todos os grupos \u2013 em particular \u00e0queles que visam um lugar de responsabilidade no pa\u00eds \u2013 que ofere\u00e7am garantias de que na S\u00edria do fuituro haver\u00e1 lugar para todos, em particular para as minorias, inclusive obviamente para os crist\u00e3os\u201d.<\/p>\n<p>Para Dom Mamberti s\u00e3o tamb\u00e9m importantes \u201co respeito dos direitos humanos e da liberdade religiosa\u201d como tamb\u00e9m o conceito de \u201ccidadania\u201d, com base no qual todos, independentemente da perten\u00e7a \u00e9tnica e religiosa, est\u00e3o no mesmo n\u00edvel com iguais direitos e deveres\u201d.<\/p>\n<p style=\"text-align: justify;\">\u00a0<\/p>\n<p style=\"text-align: justify;\"><strong>Local: Cidade do Vaticano<br \/>Fonte: R\u00e1dio Vaticano<\/strong><\/p>\n","protected":false},"excerpt":{"rendered":"<p>A Confer\u00eancia Genebra 2 \u201cpode e deve ser um primeiro passo fundamental, pelo menos para iniciar um processo que ser\u00e1 previsivelmente dif\u00edcil. N\u00e3o sabemos ainda que forma ter\u00e1 essa Confer\u00eancia nem se a Santa S\u00e9 ser\u00e1 convidada a participar como Observador. Em caso afirmativo, a Santa S\u00e9 enviaria uma Delega\u00e7\u00e3o para demonstrar a sua solicitude [&hellip;]<\/p>\n","protected":false},"author":1,"featured_media":0,"comment_status":"closed","ping_status":"closed","sticky":false,"template":"","format":"standard","meta":{"footnotes":""},"categories":[3],"tags":[],"class_list":["post-3400","post","type-post","status-publish","format-standard","hentry","category-vaticano"],"_links":{"self":[{"href":"https:\/\/catolicanet.net\/wp-cnet\/wp-json\/wp\/v2\/posts\/3400","targetHints":{"allow":["GET"]}}],"collection":[{"href":"https:\/\/catolicanet.net\/wp-cnet\/wp-json\/wp\/v2\/posts"}],"about":[{"href":"https:\/\/catolicanet.net\/wp-cnet\/wp-json\/wp\/v2\/types\/post"}],"author":[{"embeddable":true,"href":"https:\/\/catolicanet.net\/wp-cnet\/wp-json\/wp\/v2\/users\/1"}],"replies":[{"embeddable":true,"href":"https:\/\/catolicanet.net\/wp-cnet\/wp-json\/wp\/v2\/comments?post=3400"}],"version-history":[{"count":1,"href":"https:\/\/catolicanet.net\/wp-cnet\/wp-json\/wp\/v2\/posts\/3400\/revisions"}],"predecessor-version":[{"id":7474,"href":"https:\/\/catolicanet.net\/wp-cnet\/wp-json\/wp\/v2\/posts\/3400\/revisions\/7474"}],"wp:attachment":[{"href":"https:\/\/catolicanet.net\/wp-cnet\/wp-json\/wp\/v2\/media?parent=3400"}],"wp:term":[{"taxonomy":"category","embeddable":true,"href":"https:\/\/catolicanet.net\/wp-cnet\/wp-json\/wp\/v2\/categories?post=3400"},{"taxonomy":"post_tag","embeddable":true,"href":"https:\/\/catolicanet.net\/wp-cnet\/wp-json\/wp\/v2\/tags?post=3400"}],"curies":[{"name":"wp","href":"https:\/\/api.w.org\/{rel}","templated":true}]}}