{"id":33998,"date":"2017-08-01T16:41:24","date_gmt":"2017-08-01T19:41:24","guid":{"rendered":"http:\/\/catolicanet.net\/wp-cnet\/?p=33998"},"modified":"2017-08-02T13:56:18","modified_gmt":"2017-08-02T16:56:18","slug":"escutismo-d-manuel-clemente-visitou-acampamento-nacional","status":"publish","type":"post","link":"https:\/\/catolicanet.net\/wp-cnet\/escutismo-d-manuel-clemente-visitou-acampamento-nacional\/","title":{"rendered":"Escutismo: D. Manuel Clemente visitou acampamento nacional"},"content":{"rendered":"<p style=\"text-align: justify;\">Cardeal-patriarca elogiou &#8220;vitalidade e criatividade&#8221; do movimento<\/p>\n<p>Idanha-a-Nova, 01 ago 2017 (Ecclesia) &#8211; O cardeal-patriarca de Lisboa visitou hoje o 23.\u00ba ACANAC, que decorre at\u00e9 domingo no Campo Nacional de Atividades Escutistas (CNAE), em Idanha-a-Nova, reunindo mais de 21 mil participantes.<\/p>\n<p>Em declara\u00e7\u00f5es \u00e0 equipa de comunica\u00e7\u00e3o do ACANAC, enviadas \u00e0 Ag\u00eancia ECCLESIA, D. Manuel Clemente disse que se sente \u201cem casa\u201d junto dos escuteiros desde 1964, quando entrou no movimento.<\/p>\n<p>\u201cO escutismo cat\u00f3lico, costumo dizer, \u00e9 a Igreja acampada, \u00e9 um \u00f3timo ambiente para todos n\u00f3s continuarmos a crescer\u201d, real\u00e7ou.<\/p>\n<p>O cardeal-patriarca falou num momento de \u201creencontro\u201d marcado pela \u201cvitalidade e criatividade\u201d do escutismo.<\/p>\n<p>D. Manuel Clemente elogiou a \u201cenvolv\u00eancia espiritual\u201d deste movimento, que deve ser valorizada na Igreja Cat\u00f3lica como \u201caprendizagem do que \u00e9 ser crist\u00e3o\u201d, em comunidade.<\/p>\n<p>O cardeal-patriarca de Lisboa esteve em Idanha-a-Nova um dia ap\u00f3s a visita de cerca de oito horas do presidente da Rep\u00fablica Portuguesa, Marcelo Rebelo de Sousa, numa homenagem ao escutismo cat\u00f3lico portugu\u00eas.<\/p>\n<p>O presidente da Confer\u00eancia Episcopal Portuguesa considerou que este \u00e9 um reconhecimento \u201cjust\u00edssimo\u201d, sustentando \u201cn\u00e3o existe em Portugal movimento que englobe crian\u00e7as, jovens e adultos em t\u00e3o grande n\u00famero como o Corpo Nacional de Escutas\u201d.<\/p>\n<p>D. Manuel Clemente esteve no espa\u00e7o do acampamento e na nova Capela do CNAE, onde recitou a ora\u00e7\u00e3o do \u00e2ngelus e deixou uma mensagem no livro de honra, informa o Patriarcado de Lisboa.<\/p>\n<p>O 23.\u00ba acampamento nacional est\u00e1 a mobilizar escuteiros de todo o territ\u00f3rio de Portugal e mais nove pa\u00edses, entre eles a Nig\u00e9ria e Israel.<\/p>\n<p>\u2018Abra\u00e7a o Futuro\u2019 \u00e9 o lema do acampamento que pretende \u201cativar\u201d as crian\u00e7as, jovens e adultos do movimento \u201cpara a defesa da casa comum\u201d.<\/p>\n<p>A cerim\u00f3nia oficial de abertura de campo, na \u00faltima noite, contou com a visita in\u00e9dita de uma imagem da Virgem Peregrina de F\u00e1tima.<\/p>\n<p>O Corpo Nacional de Escutas informa que o Santu\u00e1rio de F\u00e1tima ofereceu uma imagem que vai ficar em perman\u00eancia na Capela do CNAE.<\/p>\n<p style=\"text-align: justify;\">\n<p style=\"text-align: justify;\">Fonte: Ag\u00eancia Ecclesia<\/p>\n","protected":false},"excerpt":{"rendered":"<p>Cardeal-patriarca elogiou &#8220;vitalidade e criatividade&#8221; do movimento Idanha-a-Nova, 01 ago 2017 (Ecclesia) &#8211; O cardeal-patriarca de Lisboa visitou hoje o 23.\u00ba ACANAC, que decorre at\u00e9 domingo no Campo Nacional de Atividades Escutistas (CNAE), em Idanha-a-Nova, reunindo mais de 21 mil participantes. Em declara\u00e7\u00f5es \u00e0 equipa de comunica\u00e7\u00e3o do ACANAC, enviadas \u00e0 Ag\u00eancia ECCLESIA, D. Manuel [&hellip;]<\/p>\n","protected":false},"author":1,"featured_media":33999,"comment_status":"open","ping_status":"closed","sticky":false,"template":"","format":"standard","meta":{"footnotes":""},"categories":[4],"tags":[],"class_list":["post-33998","post","type-post","status-publish","format-standard","has-post-thumbnail","hentry","category-cotidiano"],"_links":{"self":[{"href":"https:\/\/catolicanet.net\/wp-cnet\/wp-json\/wp\/v2\/posts\/33998","targetHints":{"allow":["GET"]}}],"collection":[{"href":"https:\/\/catolicanet.net\/wp-cnet\/wp-json\/wp\/v2\/posts"}],"about":[{"href":"https:\/\/catolicanet.net\/wp-cnet\/wp-json\/wp\/v2\/types\/post"}],"author":[{"embeddable":true,"href":"https:\/\/catolicanet.net\/wp-cnet\/wp-json\/wp\/v2\/users\/1"}],"replies":[{"embeddable":true,"href":"https:\/\/catolicanet.net\/wp-cnet\/wp-json\/wp\/v2\/comments?post=33998"}],"version-history":[{"count":1,"href":"https:\/\/catolicanet.net\/wp-cnet\/wp-json\/wp\/v2\/posts\/33998\/revisions"}],"predecessor-version":[{"id":34000,"href":"https:\/\/catolicanet.net\/wp-cnet\/wp-json\/wp\/v2\/posts\/33998\/revisions\/34000"}],"wp:featuredmedia":[{"embeddable":true,"href":"https:\/\/catolicanet.net\/wp-cnet\/wp-json\/wp\/v2\/media\/33999"}],"wp:attachment":[{"href":"https:\/\/catolicanet.net\/wp-cnet\/wp-json\/wp\/v2\/media?parent=33998"}],"wp:term":[{"taxonomy":"category","embeddable":true,"href":"https:\/\/catolicanet.net\/wp-cnet\/wp-json\/wp\/v2\/categories?post=33998"},{"taxonomy":"post_tag","embeddable":true,"href":"https:\/\/catolicanet.net\/wp-cnet\/wp-json\/wp\/v2\/tags?post=33998"}],"curies":[{"name":"wp","href":"https:\/\/api.w.org\/{rel}","templated":true}]}}