{"id":33993,"date":"2017-08-01T16:01:38","date_gmt":"2017-08-01T19:01:38","guid":{"rendered":"http:\/\/catolicanet.net\/wp-cnet\/?p=33993"},"modified":"2017-08-02T13:50:43","modified_gmt":"2017-08-02T16:50:43","slug":"14a-seminario-das-pastorais-sociais-divulga-declaracao-compromisso","status":"publish","type":"post","link":"https:\/\/catolicanet.net\/wp-cnet\/14a-seminario-das-pastorais-sociais-divulga-declaracao-compromisso\/","title":{"rendered":"14\u00aa Semin\u00e1rio das Pastorais Sociais divulga Declara\u00e7\u00e3o-Compromisso"},"content":{"rendered":"<p style=\"text-align: justify;\">Foi realizado entre os dias 28 a 30 deste m\u00eas, no Centro Diocesano da cidade de Limeira, o 14\u00ba Semin\u00e1rio das Pastorais Sociais organizado pela Coordena\u00e7\u00e3o da Comiss\u00e3o Episcopal Pastoral para A\u00e7\u00e3o Social Transformadora da CNBB \u2013 Regional Sul 1 (SP). Na conclus\u00e3o do evento, os participantes divulgaram a Declara\u00e7\u00e3o-compromisso. O texto foi assinado pelo bispo Referencial e Presidente, Dom Jo\u00e3o In\u00e1cio M\u00fcller em conjunto pelo frei Olavio Dotto e padre Walter Merlugo Junior.<\/p>\n<p><a href=\"http:\/\/www.cnbbsul1.org.br\/wp-content\/uploads\/downloads\/2017\/07\/Declaracao-XIV-Seminario-Foruns-Pastorais-Sociais-Sul-1.pdf\">Leia a \u00edntegra do texto.<\/a><\/p>\n<p>&nbsp;<\/p>\n<p>Fonte: CNBB<\/p>\n","protected":false},"excerpt":{"rendered":"<p>Foi realizado entre os dias 28 a 30 deste m\u00eas, no Centro Diocesano da cidade de Limeira, o 14\u00ba Semin\u00e1rio das Pastorais Sociais organizado pela Coordena\u00e7\u00e3o da Comiss\u00e3o Episcopal Pastoral para A\u00e7\u00e3o Social Transformadora da CNBB \u2013 Regional Sul 1 (SP). Na conclus\u00e3o do evento, os participantes divulgaram a Declara\u00e7\u00e3o-compromisso. O texto foi assinado pelo [&hellip;]<\/p>\n","protected":false},"author":1,"featured_media":33994,"comment_status":"open","ping_status":"closed","sticky":false,"template":"","format":"standard","meta":{"footnotes":""},"categories":[7],"tags":[],"class_list":["post-33993","post","type-post","status-publish","format-standard","has-post-thumbnail","hentry","category-cnbb"],"_links":{"self":[{"href":"https:\/\/catolicanet.net\/wp-cnet\/wp-json\/wp\/v2\/posts\/33993","targetHints":{"allow":["GET"]}}],"collection":[{"href":"https:\/\/catolicanet.net\/wp-cnet\/wp-json\/wp\/v2\/posts"}],"about":[{"href":"https:\/\/catolicanet.net\/wp-cnet\/wp-json\/wp\/v2\/types\/post"}],"author":[{"embeddable":true,"href":"https:\/\/catolicanet.net\/wp-cnet\/wp-json\/wp\/v2\/users\/1"}],"replies":[{"embeddable":true,"href":"https:\/\/catolicanet.net\/wp-cnet\/wp-json\/wp\/v2\/comments?post=33993"}],"version-history":[{"count":1,"href":"https:\/\/catolicanet.net\/wp-cnet\/wp-json\/wp\/v2\/posts\/33993\/revisions"}],"predecessor-version":[{"id":33995,"href":"https:\/\/catolicanet.net\/wp-cnet\/wp-json\/wp\/v2\/posts\/33993\/revisions\/33995"}],"wp:featuredmedia":[{"embeddable":true,"href":"https:\/\/catolicanet.net\/wp-cnet\/wp-json\/wp\/v2\/media\/33994"}],"wp:attachment":[{"href":"https:\/\/catolicanet.net\/wp-cnet\/wp-json\/wp\/v2\/media?parent=33993"}],"wp:term":[{"taxonomy":"category","embeddable":true,"href":"https:\/\/catolicanet.net\/wp-cnet\/wp-json\/wp\/v2\/categories?post=33993"},{"taxonomy":"post_tag","embeddable":true,"href":"https:\/\/catolicanet.net\/wp-cnet\/wp-json\/wp\/v2\/tags?post=33993"}],"curies":[{"name":"wp","href":"https:\/\/api.w.org\/{rel}","templated":true}]}}