{"id":33937,"date":"2017-08-01T10:53:32","date_gmt":"2017-08-01T13:53:32","guid":{"rendered":"http:\/\/catolicanet.net\/wp-cnet\/?p=33937"},"modified":"2017-08-02T11:20:46","modified_gmt":"2017-08-02T14:20:46","slug":"governo-venezuelano-indiferente-aos-direitos-humanos-diz-anistia-internacional","status":"publish","type":"post","link":"https:\/\/catolicanet.net\/wp-cnet\/governo-venezuelano-indiferente-aos-direitos-humanos-diz-anistia-internacional\/","title":{"rendered":"Governo venezuelano indiferente aos direitos humanos, diz Anistia Internacional"},"content":{"rendered":"<p style=\"text-align: justify;\">Caracas (RV) \u2013 O dr\u00e1stico incremento do uso ilegal da for\u00e7a, as dezenas de pris\u00f5es arbitr\u00e1rias e a morte de ao menos 10 pessoas, somados a outros preocupantes ataques contra a popula\u00e7\u00e3o da Venezuela registrados no \u00faltimo final de semana, confirmam para a Anistia Internacional a cont\u00ednua deteriora\u00e7\u00e3o da situa\u00e7\u00e3o dos direitos humanos no pa\u00eds.<\/p>\n<p>\u201cO Presidente Maduro e o seu governo parecem viver em um universo paralelo\u201d, declarou a Diretora do organismo, Erika Guevara-Rosas.<\/p>\n<p>\u201cAs autoridades n\u00e3o podem continuar a ignorar a tens\u00e3o e a viol\u00eancia em andamento e deveriam responder \u00e0s prementes necessidades de toda a popula\u00e7\u00e3o, incluindo aqueles que n\u00e3o est\u00e3o de acordo com o governo\u201d, acrescentou.<\/p>\n<p>\u201cO uso da for\u00e7a letal deve cessar imediatamente. As autoridades \u2013 por meio de magistrados civis &#8211;\u00a0 devem investigar de forma imparcial todos os caos de viol\u00eancia, independente de quem tenha sido o respons\u00e1vel. Devem ser implementadas a\u00e7\u00f5es imediatas para colocar fim \u00e0s pris\u00f5es arbitr\u00e1rias, \u00e0s mortes e \u00e0 outras graves viola\u00e7\u00f5es dos direitos humanos\u201d, sublinhou Guevara-Rosas.<\/p>\n<p>Segundo a Procuradoria Geral venezuelana, no dia das elei\u00e7\u00f5es para a Assembleia Constituinte foram mortas ao menos 10 pessoas \u2013 incluindo alguns jovens &#8211;\u00a0 como resultado do aumento do uso ilegal da for\u00e7a.<\/p>\n<p>Tamb\u00e9m foram registrados ataques indiscriminados contra cidad\u00e3os venezuelanos com tiros e g\u00e1s lacrimog\u00eaneo, mesmo na proximidade de hospitais.<\/p>\n<p>Foram registrados ainda dezenas de feridos entre soldados, agentes de pol\u00edcia e grupos civis armados.<\/p>\n<p style=\"text-align: justify;\">Fonte: R\u00e1dio Vaticano<\/p>\n","protected":false},"excerpt":{"rendered":"<p>Caracas (RV) \u2013 O dr\u00e1stico incremento do uso ilegal da for\u00e7a, as dezenas de pris\u00f5es arbitr\u00e1rias e a morte de ao menos 10 pessoas, somados a outros preocupantes ataques contra a popula\u00e7\u00e3o da Venezuela registrados no \u00faltimo final de semana, confirmam para a Anistia Internacional a cont\u00ednua deteriora\u00e7\u00e3o da situa\u00e7\u00e3o dos direitos humanos no pa\u00eds. [&hellip;]<\/p>\n","protected":false},"author":1,"featured_media":33938,"comment_status":"open","ping_status":"closed","sticky":false,"template":"","format":"standard","meta":{"footnotes":""},"categories":[3],"tags":[],"class_list":["post-33937","post","type-post","status-publish","format-standard","has-post-thumbnail","hentry","category-vaticano"],"_links":{"self":[{"href":"https:\/\/catolicanet.net\/wp-cnet\/wp-json\/wp\/v2\/posts\/33937","targetHints":{"allow":["GET"]}}],"collection":[{"href":"https:\/\/catolicanet.net\/wp-cnet\/wp-json\/wp\/v2\/posts"}],"about":[{"href":"https:\/\/catolicanet.net\/wp-cnet\/wp-json\/wp\/v2\/types\/post"}],"author":[{"embeddable":true,"href":"https:\/\/catolicanet.net\/wp-cnet\/wp-json\/wp\/v2\/users\/1"}],"replies":[{"embeddable":true,"href":"https:\/\/catolicanet.net\/wp-cnet\/wp-json\/wp\/v2\/comments?post=33937"}],"version-history":[{"count":2,"href":"https:\/\/catolicanet.net\/wp-cnet\/wp-json\/wp\/v2\/posts\/33937\/revisions"}],"predecessor-version":[{"id":33942,"href":"https:\/\/catolicanet.net\/wp-cnet\/wp-json\/wp\/v2\/posts\/33937\/revisions\/33942"}],"wp:featuredmedia":[{"embeddable":true,"href":"https:\/\/catolicanet.net\/wp-cnet\/wp-json\/wp\/v2\/media\/33938"}],"wp:attachment":[{"href":"https:\/\/catolicanet.net\/wp-cnet\/wp-json\/wp\/v2\/media?parent=33937"}],"wp:term":[{"taxonomy":"category","embeddable":true,"href":"https:\/\/catolicanet.net\/wp-cnet\/wp-json\/wp\/v2\/categories?post=33937"},{"taxonomy":"post_tag","embeddable":true,"href":"https:\/\/catolicanet.net\/wp-cnet\/wp-json\/wp\/v2\/tags?post=33937"}],"curies":[{"name":"wp","href":"https:\/\/api.w.org\/{rel}","templated":true}]}}